{"id":70,"date":"2010-11-03T10:02:46","date_gmt":"2010-11-03T10:02:46","guid":{"rendered":"http:\/\/iws-ev.de\/iws\/?p=70"},"modified":"2010-11-03T16:14:53","modified_gmt":"2010-11-03T16:14:53","slug":"nahverkehr","status":"publish","type":"post","link":"http:\/\/iws-ev.de\/iws\/2010\/11\/03\/nahverkehr\/","title":{"rendered":"Nahverkehr"},"content":{"rendered":"<div>\n<h1>Nahverkehr in W\u00fcrzburg<\/h1>\n<h3 id=\"siteSub\">aus Wikipedia, der freien Enzyklop\u00e4die<\/h3>\n<div id=\"jump-to-nav\"><a href=\"http:\/\/de.wikipedia.org\/wiki\/Nahverkehr_in_W%C3%BCrzburg#searchInput\"><br \/>\n<\/a><\/div>\n<p><!-- start content --><\/p>\n<table border=\"2\" cellspacing=\"0\" cellpadding=\"4\">\n<tbody>\n<tr bgcolor=\"#bdb76b\">\n<th colspan=\"2\">Nahverkehr in W\u00fcrzburg<\/th>\n<\/tr>\n<tr>\n<th colspan=\"2\"><a href=\"http:\/\/de.wikipedia.org\/wiki\/Bild:Wappen_von_Wuerzburg.svg\"><img loading=\"lazy\" src=\"http:\/\/upload.wikimedia.org\/wikipedia\/commons\/thumb\/3\/39\/Wappen_von_Wuerzburg.svg\/100px-Wappen_von_Wuerzburg.svg.png\" border=\"0\" alt=\"\" width=\"100\" height=\"110\" \/><\/a><\/th>\n<\/tr>\n<tr bgcolor=\"#bdb76b\">\n<th colspan=\"2\">Allgemeine Informationen<\/th>\n<\/tr>\n<tr>\n<td>Verkehrsverbund<\/td>\n<td><a title=\"Verkehrsverbund Mainfranken\" href=\"http:\/\/de.wikipedia.org\/wiki\/Verkehrsverbund_Mainfranken\">Verkehrsverbund Mainfranken<\/a> (VVM)<\/td>\n<\/tr>\n<tr>\n<td>Einwohner im Verkehrsverbund<\/td>\n<td>288.700 <em>(Stand: <a title=\"Juni\" href=\"http:\/\/de.wikipedia.org\/wiki\/Juni\">Juni<\/a> <a title=\"2005\" href=\"http:\/\/de.wikipedia.org\/wiki\/2005\">2005<\/a>)<\/em><\/td>\n<\/tr>\n<tr>\n<td>Fl\u00e4che des Verkehrsverbundes<\/td>\n<td>1.055 km\u00b2<\/td>\n<\/tr>\n<tr bgcolor=\"#bdb76b\">\n<th colspan=\"2\">Stra\u00dfenbahnverkehr<\/th>\n<\/tr>\n<tr>\n<td>Anzahl der Linien<\/td>\n<td>5<\/td>\n<\/tr>\n<tr>\n<td>Nutzwagenkilometer<\/td>\n<td>1.604.000 km<\/td>\n<\/tr>\n<tr>\n<td>Bef\u00f6rderte Personen<\/td>\n<td>23.174.000<\/td>\n<\/tr>\n<tr>\n<td>Anzahl der Fahrzeuge<\/td>\n<td>41<\/td>\n<\/tr>\n<tr bgcolor=\"#bdb76b\">\n<th colspan=\"2\">Omnibusverkehr<\/th>\n<\/tr>\n<tr>\n<td>Anzahl der Linien<\/td>\n<td>27 Stadtbuslinien<br \/>\n25 Regionalbuslinien<\/td>\n<\/tr>\n<tr>\n<td>Nutzwagenkilometer<\/td>\n<td>4.899.000 km <em>(Stadtbus)<\/em><\/td>\n<\/tr>\n<tr>\n<td>Bef\u00f6rderte Personen<\/td>\n<td>18.559.000 <em>(Stadtbus)<\/em><\/td>\n<\/tr>\n<tr bgcolor=\"#bdb76b\">\n<th colspan=\"2\">Eisenbahnverkehr<\/th>\n<\/tr>\n<tr>\n<td>Anzahl der Linien<\/td>\n<td>5 RegionalExpress-Linien<br \/>\n4 RegionalBahn-Linien<\/td>\n<\/tr>\n<tr>\n<td colspan=\"2\">Alle Zahlen beziehen sich auf das Jahr 2005<br \/>\nQuelle: <a title=\"http:\/\/www.wvv.de\/wsb\/gesellschaft\/fakten\/index.html\" href=\"http:\/\/www.wvv.de\/wsb\/gesellschaft\/fakten\/index.html\">Offizielle Homepage der W\u00fcrzburger Stra\u00dfenbahn Gmb<\/a><\/td>\n<\/tr>\n<\/tbody>\n<\/table>\n<p style=\"text-align: justify;\">Der <strong>Nahverkehr in W\u00fcrzburg<\/strong> (knapp 130.000 Einwohner) besteht aus RegionalExpress- und RegionalBahn-Z\u00fcgen der <a title=\"Deutsche Bahn AG\" href=\"http:\/\/de.wikipedia.org\/wiki\/Deutsche_Bahn_AG\">Deutschen Bahn AG<\/a> sowie den innerst\u00e4dtischen Verkehrsmitteln <a title=\"Stra\u00dfenbahn\" href=\"http:\/\/de.wikipedia.org\/wiki\/Stra%C3%9Fenbahn\">Stra\u00dfenbahn<\/a> und <a title=\"Stadtbus\" href=\"http:\/\/de.wikipedia.org\/wiki\/Stadtbus\">Stadtbus<\/a>, die von den hier ans\u00e4ssigen f\u00fcr den \u00f6ffentlichen Nahverkehr zust\u00e4ndigen Tochtergesellschaften der W\u00fcrzburger Versorgungs- und Verkehrsgesellschaft mbH erbracht werden.<\/p>\n<table id=\"toc\" border=\"0\" summary=\"Inhaltsverzeichnis\">\n<tbody><\/tbody>\n<\/table>\n<h2>Verkehrsverbund [<a title=\"Abschnitt bearbeiten: Verkehrsverbund\" href=\"http:\/\/de.wikipedia.org\/w\/index.php?title=Nahverkehr_in_W%C3%BCrzburg&amp;action=edit&amp;section=1\">Bearbeiten<\/a>]<\/h2>\n<p><em>Hauptartikel:<\/em> <a title=\"Verkehrsverbund Mainfranken\" href=\"http:\/\/de.wikipedia.org\/wiki\/Verkehrsverbund_Mainfranken\">Verkehrsverbund Mainfranken<\/a><\/p>\n<p style=\"text-align: justify;\">Die Stadt und den Landkreis W\u00fcrzburg umfasst der am <a title=\"1. August\" href=\"http:\/\/de.wikipedia.org\/wiki\/1._August\">1. August<\/a> <a title=\"2004\" href=\"http:\/\/de.wikipedia.org\/wiki\/2004\">2004<\/a> gegr\u00fcndete <a title=\"Verkehrsverbund Mainfranken\" href=\"http:\/\/de.wikipedia.org\/wiki\/Verkehrsverbund_Mainfranken\">Verkehrsverbund Mainfranken<\/a> (VVM), der den gesamten Landkreis von <a title=\"W\u00fcstenzell\" href=\"http:\/\/de.wikipedia.org\/wiki\/W%C3%BCstenzell\">W\u00fcstenzell<\/a> und <a title=\"B\u00f6ttigheim\" href=\"http:\/\/de.wikipedia.org\/wiki\/B%C3%B6ttigheim\">B\u00f6ttigheim<\/a> im Westen bis Neusetz, Schnepfenbach und Br\u00fcck im Osten und von <a title=\"Gramschatz\" href=\"http:\/\/de.wikipedia.org\/wiki\/Gramschatz\">Gramschatz<\/a> und <a title=\"Wipfeld\" href=\"http:\/\/de.wikipedia.org\/wiki\/Wipfeld\">Wipfeld<\/a> im Norden bis <a title=\"Tauberrettersheim\" href=\"http:\/\/de.wikipedia.org\/wiki\/Tauberrettersheim\">Tauberrettersheim<\/a> im S\u00fcden umfasst. In diesem Gebiet k\u00f6nnen alle Verkehrsmittel mit einem Fahrschein zu den einheitlichen Preisen des VVM genutzt werden, auch das Bayern-Ticket der Deutschen Bahn wird anerkannt, nicht jedoch das Sch\u00f6ne-Wochenende-Ticket. Mit der Gr\u00fcndung des neuen Verbundes wurde gleichzeitig der bis dahin geltende Ringzonentarif des ehemaligen W\u00fcrzburger Tarifverbundes (WTV) abgel\u00f6st und das Gebiet in sogenannte Waben eingeteilt. Mittelpunkt des neuen Systems ist die Gro\u00dfwabe 100, die das Stadtgebiet von W\u00fcrzburg sowie die beiden Vorortgemeinden <a title=\"H\u00f6chberg\" href=\"http:\/\/de.wikipedia.org\/wiki\/H%C3%B6chberg\">H\u00f6chberg<\/a> und <a title=\"Gerbrunn\" href=\"http:\/\/de.wikipedia.org\/wiki\/Gerbrunn\">Gerbrunn<\/a> umfasst.<\/p>\n<p style=\"text-align: justify;\">Eine Erweiterung des Verkehrsverbunds auf die umliegenden bayrischen <a title=\"Landkreis Kitzingen\" href=\"http:\/\/de.wikipedia.org\/wiki\/Landkreis_Kitzingen\">Landkreise Kitzingen<\/a>, <a title=\"Landkreis Schweinfurt\" href=\"http:\/\/de.wikipedia.org\/wiki\/Landkreis_Schweinfurt\">Schweinfurt<\/a> und <a title=\"Landkreis Main-Spessart\" href=\"http:\/\/de.wikipedia.org\/wiki\/Landkreis_Main-Spessart\">Main-Spessart<\/a>, die ebenfalls teilweise bereits einen Wabentarif eingef\u00fchrt haben, wird seit der Gr\u00fcndung des Verkehrsverbundes angestrebt. Ein erster Schritt gelang im Herbst 2006. Seitdem k\u00f6nnen \u00d6PNV-Nutzer aus dem Landkreis Kitzingen mit ihrem Fahrschein die \u00f6ffentlichen Verkehrsmittel in W\u00fcrzburg ebenfalls benutzen. Im Gegenzug genie\u00dfen Fahrscheine aus W\u00fcrzburg jedoch keine G\u00fcltigkeit in Kitzingen.<\/p>\n<p style=\"text-align: justify;\">Auf baden-w\u00fcrttembergischer Seite schlie\u00dft seit 2003 der <a title=\"Verkehrsverbund Rhein-Neckar\" href=\"http:\/\/de.wikipedia.org\/wiki\/Verkehrsverbund_Rhein-Neckar\">Verkehrsverbund Rhein-Neckar<\/a> an, der im Westen bis <a title=\"Mannheim\" href=\"http:\/\/de.wikipedia.org\/wiki\/Mannheim\">Mannheim<\/a> und <a title=\"Heidelberg\" href=\"http:\/\/de.wikipedia.org\/wiki\/Heidelberg\">Heidelberg<\/a> und l\u00e4nder\u00fcbergreifend weiter bis in die Pfalz reicht.{mospagebreak}<\/p>\n<p><a title=\"Stra.C3.9Fenbahnverkehr\" name=\"Stra.C3.9Fenbahnverkehr\"><\/a><\/p>\n<h2>Stra\u00dfenbahnverkehr [<a title=\"Abschnitt bearbeiten: Stra\u00dfenbahnverkehr\" href=\"http:\/\/de.wikipedia.org\/w\/index.php?title=Nahverkehr_in_W%C3%BCrzburg&amp;action=edit&amp;section=2\">Bearbeiten<\/a>]<\/h2>\n<div><a href=\"http:\/\/de.wikipedia.org\/wiki\/Bild:Tram-Logo.svg\"><img loading=\"lazy\" src=\"http:\/\/upload.wikimedia.org\/wikipedia\/commons\/thumb\/a\/a6\/Tram-Logo.svg\/100px-Tram-Logo.svg.png\" border=\"0\" alt=\"\" width=\"100\" height=\"100\" \/><\/a><\/div>\n<p style=\"text-align: justify;\">Die Stra\u00dfenbahn \u2013 in W\u00fcrzburg umgangssprachlich meist \u201eStraba\u201c genannt \u2013 bildet das R\u00fcckgrat des \u00f6ffentlichen Personennahverkehrs (\u00d6PNV) in W\u00fcrzburg. Das 19,7 Kilometer lange Streckennetz umfasst f\u00fcnf <a title=\"Linie (Verkehr)\" href=\"http:\/\/de.wikipedia.org\/wiki\/Linie_%28Verkehr%29\">Linien<\/a> mit einer Gesamtl\u00e4nge von 42 Kilometern, wobei bis auf den Abschnitt Madrider Ring \u2013 <a title=\"Rottenbauer\" href=\"http:\/\/de.wikipedia.org\/wiki\/Rottenbauer\">Rottenbauer<\/a> alle Streckenabschnitte von mindestens zwei Linien befahren werden. Alle Strecken sind mit 750 <a title=\"Volt\" href=\"http:\/\/de.wikipedia.org\/wiki\/Volt\">Volt<\/a> <a title=\"Gleichstrom\" href=\"http:\/\/de.wikipedia.org\/wiki\/Gleichstrom\">Gleichstrom<\/a> elektrifiziert und \u2013 mit Ausnahme des Abschnitts im Stadtteil Heidingsfeld, der aber ohnehin nicht mehr im planm\u00e4\u00dfigen Betrieb befahren wird \u2013 zweigleisig ausgebaut. Durch eine <a title=\"Vorrangschaltung an Lichtzeichenanlagen\" href=\"http:\/\/de.wikipedia.org\/wiki\/Vorrangschaltung_an_Lichtzeichenanlagen\">Vorrangschaltung<\/a> haben die Bahnen auch an Ampeln und Kreuzungen durchgehend freie Fahrt. J\u00e4hrlich bef\u00f6rdert die W\u00fcrzburger Stra\u00dfenbahn etwa 23 Millionen Fahrg\u00e4ste. <sup><a href=\"http:\/\/de.wikipedia.org\/wiki\/Nahverkehr_in_W%C3%BCrzburg#_note-0\">[1]<\/a><\/sup><\/p>\n<p style=\"text-align: justify;\">Hervorhebenswert ist der Streckenabschnitt Heriedenweg \u2013 Berner Stra\u00dfe, der mit einer Steigung von 9,1 Prozent zu den steilsten Stra\u00dfenbahnstrecken Deutschlands z\u00e4hlt. Die Streckenabschnitte Ulmer Hof \u2013 W\u00f6rthstra\u00dfe und L\u00f6wenbr\u00fccke \u2013 Dallenbergbad hingegen unterstreichen mit ihren in Rasen eingebetteten Gleisen die Umweltfreundlichkeit der Stra\u00dfenbahn und verringen zugleich die Schallemission. Doch es gibt auch Schattenseiten, wie den unansehnliche Bahnhofsvorplatz mit seinen drei provisorischen Haltestellen.{mospagebreak}<\/p>\n<p><a title=\"Liniennetz\" name=\"Liniennetz\"><\/a><\/p>\n<h3>Liniennetz [<a title=\"Abschnitt bearbeiten: Liniennetz\" href=\"http:\/\/de.wikipedia.org\/w\/index.php?title=Nahverkehr_in_W%C3%BCrzburg&amp;action=edit&amp;section=3\">Bearbeiten<\/a>]<\/h3>\n<p>\u00dcber folgende f\u00fcnf <a title=\"Linie (Verkehr)\" href=\"http:\/\/de.wikipedia.org\/wiki\/Linie_%28Verkehr%29\">Linien<\/a> verf\u00fcgt die <a title=\"W\u00fcrzburger Stra\u00dfenbahn GmbH\" href=\"http:\/\/de.wikipedia.org\/wiki\/W%C3%BCrzburger_Stra%C3%9Fenbahn_GmbH\">W\u00fcrzburger Stra\u00dfenbahn GmbH<\/a> (Stand: <a title=\"Januar\" href=\"http:\/\/de.wikipedia.org\/wiki\/Januar\">Januar<\/a> <a title=\"2007\" href=\"http:\/\/de.wikipedia.org\/wiki\/2007\">2007<\/a>) :<\/p>\n<table border=\"2\" cellspacing=\"0\" cellpadding=\"4\">\n<tbody>\n<tr bgcolor=\"#bdb76b\">\n<th>Linie<\/th>\n<th>Streckenverlauf<\/th>\n<th>Fahrtzeit<\/th>\n<th>Entfernung<\/th>\n<\/tr>\n<tr bgcolor=\"#f5f5f5\">\n<td><strong>1<\/strong><\/td>\n<td>Gromb\u00fchl Uni-Kliniken \u2013 Hauptbahnhof \u2013 Juliuspromenade \u2013 Stadtmitte \u2013 Sanderring \u2013 Sanderau<\/td>\n<td>20 min.<\/td>\n<td>10,4 km<\/td>\n<\/tr>\n<tr bgcolor=\"#e6e6fa\">\n<td><strong>2<\/strong><\/td>\n<td>Hauptbahnhof \u2013 Juliuspromenade \u2013 W\u00f6rthstra\u00dfe \u2013 Zellerau<\/td>\n<td>14 min.<\/td>\n<td>8,0 km<\/td>\n<\/tr>\n<tr bgcolor=\"#f5f5f5\">\n<td><strong>3<\/strong><\/td>\n<td>Hauptbahnhof \u2013 Juliuspromenade \u2013 Stadtmitte \u2013 Sanderring \u2013 Steinbachtal \u2013 Reuterstra\u00dfe \u2013 Heuchelhof<\/td>\n<td>27 min.<\/td>\n<td>19,3 km<\/td>\n<\/tr>\n<tr bgcolor=\"#e6e6fa\">\n<td><strong>4<\/strong><\/td>\n<td>Sanderau \u2013 Sanderring \u2013 Stadtmitte \u2013 W\u00f6rthstra\u00dfe \u2013 Zellerau<\/td>\n<td>23 min.<\/td>\n<td>12,6 km<\/td>\n<\/tr>\n<tr bgcolor=\"#f5f5f5\">\n<td><strong>5<\/strong><\/td>\n<td>Gromb\u00fchl Uni-Kliniken \u2013 Hauptbahnhof \u2013 Juliuspromenade \u2013 Stadtmitte \u2013 Sanderring \u2013 Steinbachtal \u2013 Reuterstra\u00dfe \u2013 Heuchelhof \u2013 Rottenbauer<\/td>\n<td>39 min.<\/td>\n<td>26,2 km<\/td>\n<\/tr>\n<\/tbody>\n<\/table>\n<p><a title=\"Stammstrecke\" name=\"Stammstrecke\"><\/a><\/p>\n<h4>{mospagebreak}?<\/h4>\n<p><strong>Stammstrecke<\/strong> [<a title=\"Abschnitt bearbeiten: Stammstrecke\" href=\"http:\/\/de.wikipedia.org\/w\/index.php?title=Nahverkehr_in_W%C3%BCrzburg&amp;action=edit&amp;section=4\">Bearbeiten<\/a>]<\/p>\n<p style=\"text-align: justify;\">Die Stammstrecke des W\u00fcrzburger Stra\u00dfenbahnnetzes ist der Abschnitt Hauptbahnhof \u2013 Sanderring, der von allen Linien \u2013 zumindest teilweise \u2013 befahren wird. Er beginnt am Hauptbahnhof und f\u00fchrt dann \u00fcber die Haltestellen Juliuspromenade, Dom, Rathaus und Neubaustra\u00dfe zur Umsteigestation Sanderring, durchquert also die gesamte Altstadt. Da die Strecke gr\u00f6\u00dftenteils durch Fu\u00dfg\u00e4ngerzonen f\u00fchrt, sind die Gleise durchgehend als Rillenschienen in das Pflaster eingelassen. Auf der Fahrt durch die Altstadt bekommt man eine Vielzahl von W\u00fcrzburger Sehensw\u00fcrdigkeiten zu Gesicht, wie das Juliusspital, den Marktplatz mit Falkenhaus und Marienkapelle, das Neum\u00fcnster und den <a title=\"Dom St. Kilian (W\u00fcrzburg)\" href=\"http:\/\/de.wikipedia.org\/wiki\/Dom_St._Kilian_%28W%C3%BCrzburg%29\">Dom St. Kilian<\/a> sowie das Rathaus am Grafeneckart.<\/p>\n<p style=\"text-align: justify;\">Bei der Umgestaltung der Juliuspromenade, die im <a title=\"M\u00e4rz\" href=\"http:\/\/de.wikipedia.org\/wiki\/M%C3%A4rz\">M\u00e4rz<\/a> <a title=\"1998\" href=\"http:\/\/de.wikipedia.org\/wiki\/1998\">1998<\/a> begann, wurden die bis dahin bedienten Haltestellen Barbarossaplatz und Dominikanerplatz zu einer zentralen Umsteigehaltestelle Juliuspromenade mit mehreren Bahnsteigabschnitten f\u00fcr die verschiedenen Linien zusammengefasst. Gro\u00dfer Wert wurde auf die behindertengerechte Ausstattung gelegt, dank der es nun m\u00f6glich ist, nahezu ebenerdig in die niederflurigen Stra\u00dfenbahnz\u00fcge einzusteigen.<\/p>\n<p style=\"text-align: justify;\">Im Herbst <a title=\"2006\" href=\"http:\/\/de.wikipedia.org\/wiki\/2006\">2006<\/a> machte ein W\u00fcrzburger Stadtrat den Vorschlag, im Rahmen der geplanten Errichtung des Einkaufszentrums \u201eW\u00fcrzburg Arcaden\u201c am Hauptbahnhof, eine kostenlose City-Tram einzuf\u00fchren, d.h. auf dem Stammstreckenabschnitt kein Fahrgeld mehr zu verlangen. Der Vorschlag wurde im Stadtrat mit knapper Mehrheit abgelehnt, abgesehen davon wurde das umstrittene Arcaden-Projekt im Dezember 2006 im Rahmen eines B\u00fcrgentscheids abgelehnt.{mospagebreak}<\/p>\n<p><a title=\"Streckenast_Zellerau\" name=\"Streckenast_Zellerau\"><\/a><\/p>\n<h4>Streckenast Zellerau [<a title=\"Abschnitt bearbeiten: Streckenast Zellerau\" href=\"http:\/\/de.wikipedia.org\/w\/index.php?title=Nahverkehr_in_W%C3%BCrzburg&amp;action=edit&amp;section=5\">Bearbeiten<\/a>]<\/h4>\n<p style=\"text-align: justify;\">Der Streckenast in den Stadtteil Zellerau zweigt in der Juliuspromenade von der Stammstrecke ab und gelangt \u2013 bereits auf eigener Fahrbahntrasse \u2013 \u00fcber die Haltestelle Ulmer Hof an das Mainufer, wo ein Rasengleisabschnitt beginnt, den die Stra\u00dfenbahn bis zur Haltetstelle W\u00f6rthstra\u00dfe bef\u00e4hrt. Zwischen den Haltestellen Congress Centrum und Talavera \u00fcberquert die Strecke den <a title=\"Main\" href=\"http:\/\/de.wikipedia.org\/wiki\/Main\">Main<\/a> \u00fcber die Friedensbr\u00fccke, die seit ihrem Ausbau Ende der neunziger Jahre zwei getrennte Trassen f\u00fcr den Auto- und Stra\u00dfenbahnverkehr vorh\u00e4lt. Mit Erreichen der Haltestelle W\u00f6rthstra\u00dfe beigt die Strecke in die Frankfurter Stra\u00dfe ein, die sie bis zu ihrem Endpunkt bef\u00e4hrt. Bis zur Haltestelle Hartmannstra\u00dfe fahren die Z\u00fcge teilweise noch im Mischverkehr mit Autos, dann beginnt jedoch die eigene Trasse in der Mitte der Frankfurter Stra\u00dfe. Beim Stadtbahnausbau in der Zellerau wurde die ehemals vierspurige Frankfurter Stra\u00dfe schlichtweg auf zwei Spuren reduziert. Nach den Stationen Schorkstra\u00dfe und Sieboldmuseum erreicht die Strecke ihren Wendepunkt an der Haltestelle Mainaustra\u00dfe, wo Umsteigem\u00f6glichkeiten zur Linie 22 Richtung <a title=\"Zell am Main\" href=\"http:\/\/de.wikipedia.org\/wiki\/Zell_am_Main\">Zell (Main)<\/a> bestehen. Reste der fr\u00fcheren Weiterf\u00fchrung der Stra\u00dfenbahnstrecke nach Oberzell sind hier noch erkennbar.{mospagebreak}<\/p>\n<p><a title=\"Streckenast_Gromb.C3.BChl\" name=\"Streckenast_Gromb.C3.BChl\"><\/a><\/p>\n<h4>Streckenast Gromb\u00fchl [<a title=\"Abschnitt bearbeiten: Streckenast Gromb\u00fchl\" href=\"http:\/\/de.wikipedia.org\/w\/index.php?title=Nahverkehr_in_W%C3%BCrzburg&amp;action=edit&amp;section=6\">Bearbeiten<\/a>]<\/h4>\n<p style=\"text-align: justify;\">Der Streckenast nach Gromb\u00fchl ist der einzige, der sich n\u00f6rdlich der Innenstadt befindet. Er beginnt am Hauptbahnhof, f\u00fchrt zun\u00e4chst in Parallellage zum Haugerring und \u00fcberquert auf der Gromb\u00fchlbr\u00fccke die Ostausfahrt des Hauptbahnhofes. Die Z\u00fcge verkehren nach Verlassen der Gromb\u00fchlbr\u00fccke zun\u00e4chst durch die Petrinistra\u00dfe und bedienen die Haltestellen Wagnerplatz, Felix-Fechenbach-Haus, Senefelderstra\u00dfe. Nach der Haltestelle Uni-Klinikum Bereich D wendet sich die Strecke um 180 Grad und f\u00fchrt in der etwas n\u00f6rdlich gelegenen Robert-Koch- bzw. Matterstockstra\u00dfe zur\u00fcck. An der Haltestelle Pestalozzistra\u00dfe \/ Uni-Klinikum Bereich A legen die Stra\u00dfenbahnen jeweils eine l\u00e4ngere Pause ein, da hier unter anderem auch Umsteigem\u00f6glichkeiten zu den Buslinien 13 und 24 bestehen. Nach der Haltestelle Josefskirche f\u00fchrt die Strecke wieder zur Gromb\u00fchlbr\u00fccke.{mospagebreak}<\/p>\n<p><a title=\"Streckenast_Sanderau\" name=\"Streckenast_Sanderau\"><\/a><\/p>\n<h4>Streckenast Sanderau [<a title=\"Abschnitt bearbeiten: Streckenast Sanderau\" href=\"http:\/\/de.wikipedia.org\/w\/index.php?title=Nahverkehr_in_W%C3%BCrzburg&amp;action=edit&amp;section=7\">Bearbeiten<\/a>]<\/h4>\n<p style=\"text-align: justify;\">Die Sanderauer Strecke beginnt an der Umsteigehaltestelle Sanderring und f\u00fchrt zun\u00e4chst auf eigener Fahrbahn durch die Virchowstra\u00dfe zur Haltestelle Ehehaltenhaus. Ab hier biegt die Stra\u00dfenbahn in die Friedrich-Spee-Stra\u00dfe ein und f\u00e4hrt wegen Platzmangels auf Rillenschienen, die in den Fahrbahnboden eingelassen sind. Da der \u00fcberregionale Autoverkehr jedoch durch die parallel liegende Randersackerer Stra\u00dfe f\u00fchrt, f\u00e4hrt haupts\u00e4chlich nur der Anliegerverkehr im Mischbetrieb mit der Stra\u00dfenbahn. An der Haltestelle Fechenbachstra\u00dfe befindet sich einer der beiden Betriebsh\u00f6fe der W\u00fcrzburger Stra\u00dfenbahn. An der Endhaltestelle K\u00f6nigsberger Stra\u00dfe befindet sich schlie\u00dflich die Wendeschleife. Umsteigem\u00f6glichkeiten bestehen hier zur Linie 34.{mospagebreak}<\/p>\n<p><a title=\"Streckenast_Heidingsfeld\" name=\"Streckenast_Heidingsfeld\"><\/a><\/p>\n<h4>Streckenast Heidingsfeld [<a title=\"Abschnitt bearbeiten: Streckenast Heidingsfeld\" href=\"http:\/\/de.wikipedia.org\/w\/index.php?title=Nahverkehr_in_W%C3%BCrzburg&amp;action=edit&amp;section=8\">Bearbeiten<\/a>]<\/h4>\n<p style=\"text-align: justify;\">Der <a title=\"Heidingsfeld\" href=\"http:\/\/de.wikipedia.org\/wiki\/Heidingsfeld\">Heidingsfelder<\/a> Streckenast beginnt ebenfalls am Sanderring, \u00fcberquert jedoch unmittelbar danach den Main \u00fcber die Ludwigsbr\u00fccke (im Volksmund L\u00f6wenbr\u00fccke), die im Gegensatz zur Friedensbr\u00fccke keine separaten Stra\u00dfenbahngleise besitzt. Zwischen den Haltestellen L\u00f6wenbr\u00fccke und Ruderzentrum (ehem. Haus des Sports) beginnt ein parallel zur Mergentheimer Stra\u00dfe verlaufender Rasengleisabschnitt, der \u00fcber die Haltestellen Judenb\u00fchlweg und Steinbachtal zur Haltestelle Dallenbergbad f\u00fchrt. Ab hier liegen die Gleise in der Fahrbahnmitte und sind als konventionelle Eisenbahngleise ausgef\u00fchrt. Nach der Haltestelle Andreas-Grieser-Stra\u00dfe folgt die dreigleisige Umsteigestation Reuterstra\u00dfe, wo auch die Buslinien 16, 31, 33 und 34 halten. Die Fortf\u00fchrung der Stra\u00dfenbahnstrecke in die Heidingsfelder Innenstadt wurde im Juni 2001 stillgelegt.{mospagebreak}<\/p>\n<p><a title=\"Streckenast_Heuchelhof_.E2.80.93_Rottenbauer\" name=\"Streckenast_Heuchelhof_.E2.80.93_Rottenbauer\"><\/a><\/p>\n<h4>Streckenast Heuchelhof \u2013 Rottenbauer [<a title=\"Abschnitt bearbeiten: Streckenast Heuchelhof \u2013 Rottenbauer\" href=\"http:\/\/de.wikipedia.org\/w\/index.php?title=Nahverkehr_in_W%C3%BCrzburg&amp;action=edit&amp;section=9\">Bearbeiten<\/a>]<\/h4>\n<p style=\"text-align: justify;\">Der Streckenast in die Stadtteile <a title=\"Heuchelhof\" href=\"http:\/\/de.wikipedia.org\/wiki\/Heuchelhof\">Heuchelhof<\/a> und <a title=\"Rottenbauer\" href=\"http:\/\/de.wikipedia.org\/wiki\/Rottenbauer\">Rottenbauer<\/a> ist der historisch j\u00fcngste im gesamten Streckennetz. <a title=\"1989\" href=\"http:\/\/de.wikipedia.org\/wiki\/1989\">1989<\/a> wurde er bis zum Heuchelhof in Betrieb genommen und <a title=\"1996\" href=\"http:\/\/de.wikipedia.org\/wiki\/1996\">1996<\/a> nach Rottenbauer verl\u00e4ngert. Er beginnt an der Reuterstra\u00dfe zun\u00e4chst als Rasengleis, wechselt dann jedoch wieder in die Eisenbahnbauweise. Nach den Haltestellen Klingenstra\u00dfe und Heriedenweg beginnt der 9,1 Prozent steile Strecke auf den Heuchelhofberg, an dessen Ende der gleichnamige Stadtteil beginnt. Die Haltestellen Berner Stra\u00dfe, Stra\u00dfburger Ring, Wiener Ring und Madrider Ring sind wie alle Stra\u00dfen in diesem Stadtteil nach europ\u00e4ischen St\u00e4dten benannt. Am Prager Ring zweigt die kurze Strecke zur Endhaltestelle der Linie 3 am Athener Ring ab, die Strecke nach Rottenbauer f\u00fchrt, zun\u00e4chst in einem Einschnitt, dann in Parallellage zur Stauffenbergstra\u00dfe weiter durch das Gewerbegebiet, am zweiten Betriebshof der WSB vorbei, nach Rottenbauer, wo die Linie 5 ihre Wendeschleife erreicht.{mospagebreak}<\/p>\n<p><a title=\"Ausbau_zur_Stadtbahn\" name=\"Ausbau_zur_Stadtbahn\"><\/a><\/p>\n<h4>Ausbau zur Stadtbahn [<a title=\"Abschnitt bearbeiten: Ausbau zur Stadtbahn\" href=\"http:\/\/de.wikipedia.org\/w\/index.php?title=Nahverkehr_in_W%C3%BCrzburg&amp;action=edit&amp;section=10\">Bearbeiten<\/a>]<\/h4>\n<p style=\"text-align: justify;\">In den neunziger Jahren wurde die klassische W\u00fcrzburger Stra\u00dfenbahn Schritt f\u00fcr Schritt zu einem modernen Verkehrssystem ausgebaut. Neben der Beschaffung neuartiger <a title=\"Niederflurtechnik\" href=\"http:\/\/de.wikipedia.org\/wiki\/Niederflurtechnik\">Niederflurfahrzeuge<\/a> beinhaltete dies auch die Modernisierung der Gleistrassen und des Fahrwegs. Dem Grundsatz des neu aufkommenden <a title=\"Stadtbahn\" href=\"http:\/\/de.wikipedia.org\/wiki\/Stadtbahn\">Stadtbahn<\/a>-Trends folgend wurden auch in W\u00fcrzburg die Strecken beseitigt, wo Stra\u00dfenbahnz\u00fcge und Autos sich eine Spur teilten, und stattdessen \u2013 wenn platztechnisch m\u00f6glich \u2013 ein gesonderter Gleiskorpus geschaffen. Man erhoffte sich von diesen sehr kostenintensiven Bauma\u00dfnahmen eine Beschleunigung der Fahrtgeschwindigkeit und eine Steigerung der Fahrgastzahlen. Durch die Einbettung der Schienen in Rasenfl\u00e4chen konnte zudem das Stadtbild an einigen Stellen versch\u00f6nert und die Stra\u00dfenbahnstrecken besser in bestehende Gr\u00fcnbereiche eingegliedert werden. Heute sind bis auf den Innenstadtabschnitt und einen Teil des Streckenastes in den Stadtteil <a title=\"Sanderau\" href=\"http:\/\/de.wikipedia.org\/wiki\/Sanderau\">Sanderau<\/a> alle Strecken weitgehend auf \u201eStadtbahnstandard\u201c. Ein weiterer Bestandteil war die behindertengerechte Ausstattung der Haltestellen. Da die neuen Stra\u00dfenbahnfahrzeuge mit ihren niederflurigen Einstiegen bereits gute Voraussetzungen f\u00fcr gehbehinderte Fahrg\u00e4ste bieten, sollte durch die Anhebung der Bahnsteigkanten eine komplette <a title=\"Barrierefreiheit\" href=\"http:\/\/de.wikipedia.org\/wiki\/Barrierefreiheit\">Barrierefreiheit<\/a> m\u00f6glich werden.{mospagebreak}<\/p>\n<p><a title=\"Fahrplanangebot\" name=\"Fahrplanangebot\"><\/a><\/p>\n<h3>Fahrplanangebot [<a title=\"Abschnitt bearbeiten: Fahrplanangebot\" href=\"http:\/\/de.wikipedia.org\/w\/index.php?title=Nahverkehr_in_W%C3%BCrzburg&amp;action=edit&amp;section=11\">Bearbeiten<\/a>]<\/h3>\n<p style=\"text-align: justify;\">Alle Linien verkehren unter der Woche und samstags im 15-Minuten-Takt, wobei sich bis auf den Abschnitt Madrider Ring \u2013 Rottenbauer durch \u00dcberlagerungen von mindestens zwei Linien vielerorts ein ann\u00e4hernder 7,5-Minuten-Takt ergibt, im Innenstadtabschnitt Juliuspromenade \u2013 Sanderring verkehren sogar vier Linien parallel. Trotzdem entsteht dort kein dichteres Fahrplanangebot, da am Hauptbahnhof generell zwei Linien gleichzeitig abfahren. Dieser Umstand, der bereits h\u00e4ufig von <a title=\"Fahrgast\" href=\"http:\/\/de.wikipedia.org\/wiki\/Fahrgast\">Fahrg\u00e4sten<\/a> kritisiert wurde, ist laut WSB notwendig, um auf den Au\u00dfen\u00e4sten den 7,5-Minuten-Takt zu gew\u00e4hrleisten. Au\u00dferdem w\u00fcrde eine \u00c4nderung dieser bisherigen Regelung zu signaltechnischen Problemen f\u00fchren, da die Stra\u00dfenbahn unmittelbar nach Verlassen der Haltestelle Hauptbahnhof West den R\u00f6ntgenring kreuzt.<\/p>\n<p style=\"text-align: justify;\">In den Morgen- und Abendstunden, sowie sonn- und feiertags werden die Linien 1, 2 und 3 eingestellt und die Bedienung ausschlie\u00dflich von den Linien 4 und 5 wahrgenommen, die beide im 20-Minuten-Takt (am Sonntagmorgen alle 30 Minuten) verkehren, wobei sie wegen des Sammelanschlusses an der Juliuspromenade auf der gemeinsamen Stammstrecke im Abstand von 3 Minuten hintereinander fahren. Um den Anschluss der <a title=\"Zellerau\" href=\"http:\/\/de.wikipedia.org\/w\/index.php?title=Zellerau&amp;action=edit\">Zellerau<\/a> und der Sanderau an den Hauptbahnhof herzustellen, bef\u00e4hrt die Linie 4 zu diesen Schwachlastzeiten die Schleife Juliuspromenade \u2013 Hauptbahnhof \u2013 Juliuspromenade, die ansonsten durch die direkte Durchbindung zwischen den Haltestellen Dom und Ulmer Hof umgangen wird.{mospagebreak}<\/p>\n<p><a title=\"Schnellbahnlinien\" name=\"Schnellbahnlinien\"><\/a><\/p>\n<h3>Schnellbahnlinien [<a title=\"Abschnitt bearbeiten: Schnellbahnlinien\" href=\"http:\/\/de.wikipedia.org\/w\/index.php?title=Nahverkehr_in_W%C3%BCrzburg&amp;action=edit&amp;section=12\">Bearbeiten<\/a>]<\/h3>\n<p style=\"text-align: justify;\">Im morgendlichen <a title=\"Berufsverkehr\" href=\"http:\/\/de.wikipedia.org\/wiki\/Berufsverkehr\">Berufs- und Sch\u00fclerverkehr<\/a> erg\u00e4nzen zwei Schnellbahnlinien (504 und 505) das Angebot. Sie verkehren von Rottenbauer zum Hauptbahnhof bzw. in die Zellerau und halten zwischen der Berner Stra\u00dfe und dem Sanderring nur an der Umsteigestation Reuterstra\u00dfn. Wegen des gro\u00dfen Andrangs wurden nach der Auslieferung der neuen GT-N-Triebz\u00fcge die Schnellbahnlinien zun\u00e4chst in Doppeltraktion gefahren. Mittlerweile wird von dieser M\u00f6glichkeit allerdings im Planverkehr kein Gebrauch mehr gemacht.{mospagebreak}<\/p>\n<p><a title=\"Fahrzeuge\" name=\"Fahrzeuge\"><\/a><\/p>\n<h3>Fahrzeuge [<a title=\"Abschnitt bearbeiten: Fahrzeuge\" href=\"http:\/\/de.wikipedia.org\/w\/index.php?title=Nahverkehr_in_W%C3%BCrzburg&amp;action=edit&amp;section=13\">Bearbeiten<\/a>]<\/h3>\n<p style=\"text-align: justify;\">Der Fuhrpark besteht gegenw\u00e4rtig aus vierzig Stra\u00dfenbahnfahrzeugen, die im Fahrgastbetrieb zum Einsatz kommen und folgenden drei Fahrzeugtypen zuzuordnen sind:<\/p>\n<ul>\n<li>sechs dreiteilige GTW-D8 (Fahrzeugnummern 236, 238, 243 bis 246)<\/li>\n<li>14 dreiteilige GT-E (Fahrzeugnummern 201 bis 214)<\/li>\n<li>zwanzig f\u00fcnfteilige <a title=\"Stra\u00dfenbahntriebwagen GT-N\" href=\"http:\/\/de.wikipedia.org\/wiki\/Stra%C3%9Fenbahntriebwagen_GT-N\">GT-N<\/a> (Fahrzeugnummern 250 bis 269)<\/li>\n<\/ul>\n<p style=\"text-align: justify;\">Alle Fahrzeuggattungen besitzen die \u00fcbliche Spurweite von 1000 mm und sind f\u00fcr den Betrieb unter 750 Volt <a title=\"Gleichstrom\" href=\"http:\/\/de.wikipedia.org\/wiki\/Gleichstrom\">Gleichstrom<\/a>-Oberleitungen ausgelegt. Aufgrund der vorhandenen Wendeschleifen sind alle Z\u00fcge Einrichtungsfahrzeuge.<\/p>\n<p style=\"text-align: justify;\">Die sechs Fahrzeuge des Typs GTW-D8 stammen aus den Jahren <a title=\"1968\" href=\"http:\/\/de.wikipedia.org\/wiki\/1968\">1968<\/a> bis <a title=\"1975\" href=\"http:\/\/de.wikipedia.org\/wiki\/1975\">1975<\/a> und sind somit die \u00e4ltesten noch im Betrieb stehenden Stra\u00dfenbahnen in W\u00fcrzburg. Sie werden lediglich im morgendlichen Berufsverkehr zur Kapazit\u00e4tserweiterung eingesetzt. Aufgrund ihrer schwachen Leistung sind sie f\u00fcr den Verkehr auf dem Steilstreckenabschnitt Richtung Heuchelhof nicht geeignet und kommen deshalb ausschlie\u00dflich auf den Tallinien zum Einsatz.<\/p>\n<p style=\"text-align: justify;\">Die insgesamt 14 GT-E-Fahrzeuge wurden in den Jahren <a title=\"1988\" href=\"http:\/\/de.wikipedia.org\/wiki\/1988\">1988<\/a> und <a title=\"1989\" href=\"http:\/\/de.wikipedia.org\/wiki\/1989\">1989<\/a> zur Inbetriebnahme der neuen Linie 5 zum Heuchelhof beschafft. Als Novum verf\u00fcgen die knapp 33 Meter langen Z\u00fcge als erste ihrer Art \u00fcber ein Niederflurabteil, das von ausreichend hohen <a title=\"Bahnsteig\" href=\"http:\/\/de.wikipedia.org\/wiki\/Bahnsteig\">Bahnsteigen<\/a> aus barrierefrei erreichbar. F\u00fcr die Befahrung der Steilstrecke war au\u00dferdem erstmals ein Allachsantrieb notwendig. Der Auftrag f\u00fcr die Fertigung der Z\u00fcge ging an die Firmen <a title=\"Linke-Hofmann-Busch\" href=\"http:\/\/de.wikipedia.org\/wiki\/Linke-Hofmann-Busch\">Linke-Hofmann-Busch<\/a> (wagenbaulicher Teil) und <a title=\"Siemens\" href=\"http:\/\/de.wikipedia.org\/wiki\/Siemens\">Siemens<\/a> (elektrischer Teil).<\/p>\n<p style=\"text-align: justify;\">F\u00fcr die Erweiterung der Linie 5 nach Rottenbauer sowie die Abl\u00f6sung der aus Hagen \u00fcbernommenen Sechsachser wurden ab <a title=\"1996\" href=\"http:\/\/de.wikipedia.org\/wiki\/1996\">1996<\/a> zwanzig f\u00fcnfteilige Neufahrzeuge des Typs GT-N beschafft. Sie verf\u00fcgen wie ihre Vorg\u00e4ngerbaureihe \u00fcber einen Allachsantrieb und recht kantige Formen des Wagenkastens. Nach den positiven Erfahrungen mit dem Niederflurabteil wurde nun ein komplett niederfluriges Fahrzeug gefordert. Die Fertigung oblag wiederum dem Konsortium aus Linke-Hofmann-Busch und Siemens. Die GT-N-Z\u00fcge sind die momentan modernsten Stra\u00dfenbahnen auf den W\u00fcrzburger Gleisen, und aufgrund der schlechten Haushaltslage ist eine Neubeschaffung auf absehbare Zeit nicht geplant.<\/p>\n<p style=\"text-align: justify;\">Neben den f\u00fcr den planm\u00e4\u00dfigen Betrieb ben\u00f6tigten Z\u00fcgen verf\u00fcgt die W\u00fcrzburger Stra\u00dfenbahn noch \u00fcber diverse Instandhaltungsfahrzeuge, wie etwa einen Schienenschleifwagen oder einen Schneepflug. F\u00fcr besondere Anl\u00e4sse kann au\u00dferdem ein zum \u201eSchoppen-Express\u201c umgebauter historischer Stra\u00dfenbahnwagen gemietet werden. <sup><a href=\"http:\/\/de.wikipedia.org\/wiki\/Nahverkehr_in_W%C3%BCrzburg#_note-1\">[2]<\/a><\/sup><\/p>\n<p>{mospagebreak}<a title=\"Zuk.C3.BCnftige_Entwicklung\" name=\"Zuk.C3.BCnftige_Entwicklung\"><\/a><\/p>\n<h3>Zuk\u00fcnftige Entwicklung [<a title=\"Abschnitt bearbeiten: Zuk\u00fcnftige Entwicklung\" href=\"http:\/\/de.wikipedia.org\/w\/index.php?title=Nahverkehr_in_W%C3%BCrzburg&amp;action=edit&amp;section=14\">Bearbeiten<\/a>]<\/h3>\n<p><a title=\"Erweiterung_des_Streckennetzes\" name=\"Erweiterung_des_Streckennetzes\"><\/a><\/p>\n<h4>Erweiterung des Streckennetzes [<a title=\"Abschnitt bearbeiten: Erweiterung des Streckennetzes\" href=\"http:\/\/de.wikipedia.org\/w\/index.php?title=Nahverkehr_in_W%C3%BCrzburg&amp;action=edit&amp;section=15\">Bearbeiten<\/a>]<\/h4>\n<p style=\"text-align: justify;\">Schon seit einigen Jahrzehnten gibt es Bestrebungen, das W\u00fcrzburger Stra\u00dfenbahnnetz weiter zu vergr\u00f6\u00dfern. So sind Neubaustrecken in die Stadtteile Versbach, Lengfeld und Frauenland sowie in die stadtnahen Gemeinden <a title=\"H\u00f6chberg\" href=\"http:\/\/de.wikipedia.org\/wiki\/H%C3%B6chberg\">H\u00f6chberg<\/a>, <a title=\"Gerbrunn\" href=\"http:\/\/de.wikipedia.org\/wiki\/Gerbrunn\">Gerbrunn<\/a> und Zell (Main) \u2013 <a title=\"Margetsh\u00f6chheim\" href=\"http:\/\/de.wikipedia.org\/wiki\/Margetsh%C3%B6chheim\">Margetsh\u00f6chheim<\/a> im Gespr\u00e4ch. Aufgrund der schlechten Haushaltslage der Stadt W\u00fcrzburg und der allgemeinen finanziellen Knappheit werden diese Projekte derzeit nicht weiterverfolgt. Lediglich zwei Streckenverl\u00e4ngerungen haben derzeit eine Chance auf baldige Realisierung:<\/p>\n<ul style=\"text-align: justify;\">\n<li style=\"text-align: justify;\">Die Fortf\u00fchrung der Gleise im Stadtteil Gromb\u00fchl um etwa einen Kilometer vom bisherigen Wendepunkt an der Robert-Koch-Stra\u00dfe zum neuen Zentrum f\u00fcr operative Medizin der Universit\u00e4tskliniken. Die Gleise der Neubaustrecke werden \u00fcber die Josef-Schneider-Stra\u00dfe und die Oberd\u00fcrrbacher Stra\u00dfe zum ZOM gef\u00fchrt und erhalten am Straubm\u00fchlweg eine Wendeschleife.<\/li>\n<\/ul>\n<dl style=\"text-align: justify;\">\n<dd><em>\u201eDie Planungsunterlagen f\u00fcr die Erweiterung der Stra\u00dfenbahnlinien 1 und 5 bis zum Zentrum f\u00fcr operative Medizin werden derzeit erstellt, so dass wir davon ausgehen, dass in K\u00fcrze das sogenannte Planfeststellungsverfahren (Baugenehmigung) bei der Regierung von Unterfranken eingereicht wird. Da es sich hierbei um ein komplexes und oft langwieriges Verfahren handelt, kann zum jetzigen Zeitpunkt kein konkreter Zeitpunkt f\u00fcr den Beginn der Bauarbeiten genannt werden. Wir bitten hierf\u00fcr um Ihr Verst\u00e4ndnis.\u201c<\/em> \u2013 W\u00fcrzburger Stra\u00dfenbahn GmbH<\/dd>\n<\/dl>\n<ul style=\"text-align: justify;\">\n<li>Die Anbindung des <a title=\"IKEA\" href=\"http:\/\/de.wikipedia.org\/wiki\/IKEA\">IKEA<\/a>-Marktes (Er\u00f6ffnung vsl. <a title=\"2008\" href=\"http:\/\/de.wikipedia.org\/wiki\/2008\">2008<\/a>) an der <a title=\"Bundesstra\u00dfe 19\" href=\"http:\/\/de.wikipedia.org\/wiki\/Bundesstra%C3%9Fe_19\">Bundesstra\u00dfe 19<\/a> im Stadtteil Lindleinsm\u00fchle. Neben dem M\u00f6belmarkt und weiteren Gewerbefl\u00e4chen soll dort auch ein Wohngebiet entstehen. Um dieses Neubaugebiet sinnvoll mit dem \u00f6ffentlichen Nahverkehr zu erschlie\u00dfen, soll, so Stadtbaurat Christian Baumgart, die Stra\u00dfenbahn dorthin gef\u00fchrt werden. Die Trasse verliefe \u00fcber die Versbacher Stra\u00dfe und die Hessenstra\u00dfe zum neuen IKEA-Markt. Innerhalb des neuen Wohn- und Gewerbegebiets sind zwei Haltestellen vorgesehen.<\/li>\n<\/ul>\n<p style=\"text-align: justify;\">Im Oktober 2006 hat die W\u00fcrzburger <a title=\"SPD\" href=\"http:\/\/de.wikipedia.org\/wiki\/SPD\">SPD<\/a> vorgeschlagen, neue Stra\u00dfenbahnprojekte zu planen. So schlugen die Sozialdemokraten Neubaustrecken nach Hubland Uni-Zentrum \u2013 Gerbrunn, Versbach (Pleichachtalhalle) und Lengfeld sowie die oben schon genannte Anbindung des IKEA-Marktes vor. Trotz knapper Kassen h\u00e4lt die SPD den Zeitpunkt f\u00fcr gekommen, diese wichtigen Stadtteile mit der Stra\u00dfenbahn zu erschlie\u00dfen. <sup><a href=\"http:\/\/de.wikipedia.org\/wiki\/Nahverkehr_in_W%C3%BCrzburg#_note-2\">[3]<\/a><\/sup><\/p>\n<p style=\"text-align: justify;\">{mospagebreak}<a title=\"Umgestaltung_des_Bahnhofsareals\" name=\"Umgestaltung_des_Bahnhofsareals\"><\/a><\/p>\n<h4 style=\"text-align: justify;\">Umgestaltung des Bahnhofsareals [<a title=\"Abschnitt bearbeiten: Umgestaltung des Bahnhofsareals\" href=\"http:\/\/de.wikipedia.org\/w\/index.php?title=Nahverkehr_in_W%C3%BCrzburg&amp;action=edit&amp;section=16\">Bearbeiten<\/a>]<\/h4>\n<p style=\"text-align: justify;\">Als eines der wichtigsten Projekte gilt jedoch die Sanierung des Bahnhofsvorplatzes und der Neubau einer zentralen Stra\u00dfenbahnhaltestelle vor dem Bahnhofsgeb\u00e4ude. Damit w\u00fcrde der seit 1996 andauernde Zustand von drei Haltestellen (Hauptbahnhof West f\u00fcr die Z\u00fcge Richtung Innenstadt, Hauptbahnhof Ost f\u00fcr die Z\u00fcge Richtung Gromb\u00fchl und Hauptbahnhof Mitte als zus\u00e4tzliche Entlastungshaltestelle zum Aussteigen) aufgehoben. Au\u00dferdem ist eine Verlegung der Richtung Gromb\u00fchl f\u00fchrenden Gleistrasse vom Haugerring in die Haugerglacisstra\u00dfe geplant, was den Vorteil h\u00e4tte, dass die Z\u00fcge direkt in die neue Haltestelle einfahren k\u00f6nnten. Im Jahr <a title=\"2005\" href=\"http:\/\/de.wikipedia.org\/wiki\/2005\">2005<\/a> schien der Knoten durchschlagen, als die <a title=\"Essen\" href=\"http:\/\/de.wikipedia.org\/wiki\/Essen\">Essener<\/a> Firma Management f\u00fcr Immobilien AG (mfi) am Hauptbahnhof ein <a title=\"Einkaufszentrum\" href=\"http:\/\/de.wikipedia.org\/wiki\/Einkaufszentrum\">Einkaufszentrum<\/a> (\u201eW\u00fcrzburg Arcaden\u201c) errichten wollte und als Zugest\u00e4ndnis an die Stadt den Bahnhofsvorplatz neu gestalten, einen Teil des Ringparks renaturieren sowie den Bau einer neuen Stra\u00dfenbahnhaltestelle und die Verlegung des Omnibusbahnhofs finanzieren. Die Wahrscheinlichkeit einer Realisierung ist mittlerweile wieder in weite Ferne ger\u00fcckt, da bei einem B\u00fcrgerentscheid am 3. Dezember 2006 das umstrittene Projekt mit rund 49 zu 51 Prozent der Stimmen abgelehnt wurde. Der Stadtrat m\u00f6chte jetzt die Entwicklung eines Einkaufszentrums am Kardinal-Faulhaber-Platz vorantreiben, da sich aus dem Verkauf der Bebauungsfl\u00e4chen finanzielle Mittel f\u00fcr die Stadt erwirtschaften lie\u00dfen, die in eine Umgestaltung des Bahnhofsareals investiert werden k\u00f6nnten.{mospagebreak}<\/p>\n<p style=\"text-align: justify;\"><a title=\"Fernziel_Regionalstadtbahn\" name=\"Fernziel_Regionalstadtbahn\"><\/a><\/p>\n<h4 style=\"text-align: justify;\">Fernziel Regionalstadtbahn [<a title=\"Abschnitt bearbeiten: Fernziel Regionalstadtbahn\" href=\"http:\/\/de.wikipedia.org\/w\/index.php?title=Nahverkehr_in_W%C3%BCrzburg&amp;action=edit&amp;section=17\">Bearbeiten<\/a>]<\/h4>\n<p style=\"text-align: justify;\">Ein anderes Projekt wird insbesondere von der Interessengemeinschaft W\u00fcrzburger Stra\u00dfenbahn (IWS), dem <a title=\"Verkehrsclub Deutschland\" href=\"http:\/\/de.wikipedia.org\/wiki\/Verkehrsclub_Deutschland\">Verkehrsclub Deutschland<\/a> (VCD) und dem Arbeitskreis \u00d6PNV der Agenda 21 vertreten: Die Verbindung der f\u00fcnf am Hauptbahnhof zusammentreffenden Eisenbahnstrecken aus den Richtungen <a title=\"Gem\u00fcnden am Main\" href=\"http:\/\/de.wikipedia.org\/wiki\/Gem%C3%BCnden_am_Main\">Gem\u00fcnden (Main)<\/a>, <a title=\"Schweinfurt\" href=\"http:\/\/de.wikipedia.org\/wiki\/Schweinfurt\">Schweinfurt<\/a>, <a title=\"Kitzingen\" href=\"http:\/\/de.wikipedia.org\/wiki\/Kitzingen\">Kitzingen<\/a>, <a title=\"Ochsenfurt\" href=\"http:\/\/de.wikipedia.org\/wiki\/Ochsenfurt\">Ochsenfurt<\/a> und <a title=\"Lauda\" href=\"http:\/\/de.wikipedia.org\/wiki\/Lauda\">Lauda<\/a> und dem innerst\u00e4dtischen Stra\u00dfenbahnnetz mit einer <a title=\"Regionalstadtbahn\" href=\"http:\/\/de.wikipedia.org\/wiki\/Regionalstadtbahn\">Regionalstadtbahn<\/a> nach dem <a title=\"Karlsruher Modell\" href=\"http:\/\/de.wikipedia.org\/wiki\/Karlsruher_Modell\">Karlsruher Modell<\/a>. Dieses unter dem Namen \u201eMainfrankenbahn\u201c gef\u00fchrte Projekt wird jedoch von der <a title=\"CSU\" href=\"http:\/\/de.wikipedia.org\/wiki\/CSU\">CSU<\/a>-Stadtratsfraktion abgelehnt, da sie deren Ansicht nach hohe Investitionssummen erfordern w\u00fcrde, unter anderem w\u00e4re wegen der verschiedenen Spurweiten der beiden Verkehrsmittel im Stra\u00dfenbahnnetz ein <a title=\"Dreischienengleis\" href=\"http:\/\/de.wikipedia.org\/wiki\/Dreischienengleis\">Dreischienengleis<\/a> notwendig. Trotz ihrer grunds\u00e4tzlichen Ablehnung dieses Projekts warb die CSU im Rahmen der Arcaden-Diskussion damit, dass am Bahnhof bereits Trassen f\u00fcr m\u00f6gliche Systemwechselstellen freigehalten werden. Von den Bef\u00fcrwortern wird eine Realisierung in mehreren kleinen Schritten vorgeschlagen. In der ersten Stufe sehen diese Pl\u00e4ne eine separate Weiterentwicklung der bestehenden Netze von Stra\u00dfenbahn und Eisenbahn vor, w\u00e4hrend in einer sp\u00e4teren Ausbaustufe eine Zusammenf\u00fchrung m\u00f6glich w\u00e4re. Die weitere Entwicklung dieses Projekts ist offen, wird voraussichtlich jedoch auf absehbare Zeit nicht erfolgen. <sup><a href=\"http:\/\/de.wikipedia.org\/wiki\/Nahverkehr_in_W%C3%BCrzburg#_note-3\">[4]<\/a><\/sup> <sup><a href=\"http:\/\/de.wikipedia.org\/wiki\/Nahverkehr_in_W%C3%BCrzburg#_note-4\">[5]<\/a><\/sup> <sup><a href=\"http:\/\/de.wikipedia.org\/wiki\/Nahverkehr_in_W%C3%BCrzburg#_note-5\">[6]<\/a><\/sup><\/p>\n<p style=\"text-align: justify;\">{mospagebreak}<a title=\"Omnibusverkehr\" name=\"Omnibusverkehr\"><\/a><\/p>\n<h2 style=\"text-align: justify;\">Omnibusverkehr [<a title=\"Abschnitt bearbeiten: Omnibusverkehr\" href=\"http:\/\/de.wikipedia.org\/w\/index.php?title=Nahverkehr_in_W%C3%BCrzburg&amp;action=edit&amp;section=18\">Bearbeiten<\/a>]<\/h2>\n<div style=\"text-align: justify;\"><a href=\"http:\/\/de.wikipedia.org\/wiki\/Bild:BUS-Logo-blau.svg\"><img loading=\"lazy\" src=\"http:\/\/upload.wikimedia.org\/wikipedia\/commons\/thumb\/a\/a5\/BUS-Logo-blau.svg\/100px-BUS-Logo-blau.svg.png\" border=\"0\" alt=\"\" width=\"100\" height=\"100\" \/><\/a><\/div>\n<p style=\"text-align: justify;\">Das <a title=\"Stadtbus\" href=\"http:\/\/de.wikipedia.org\/wiki\/Stadtbus\">Stadtbusnetz<\/a> besteht gegenw\u00e4rtig aus 27 Linien, die das W\u00fcrzburger Stadtgebiet und die Vororten Gerbrunn, G\u00fcntersleben, H\u00f6chberg, Margetsh\u00f6chheim, Randersacker, Reichenberg, Veitsh\u00f6chheim und Zell (Main) bedienen. Diese werden \u00fcberwiegend von der Omnibus-Betriebsgesellschaft (NVG) gefahren, einem ehemals selbstst\u00e4ndigen Unternehmen, das mittlerweile mehrheitlich im Besitz der <a title=\"W\u00fcrzburger Stra\u00dfenbahn GmbH\" href=\"http:\/\/de.wikipedia.org\/wiki\/W%C3%BCrzburger_Stra%C3%9Fenbahn_GmbH\">W\u00fcrzburger Stra\u00dfenbahn GmbH<\/a> ist. Die WSB hat sich in den vergangenen Jahren schrittweise aus dem Omnibusverkehr zur\u00fcckgezogen und m\u00f6chte sich k\u00fcnftig haupts\u00e4chlich auf den Stra\u00dfenbahnverkehr konzentrieren.<\/p>\n<p style=\"text-align: justify;\">Weitere 25 Linien bedienen den \u00fcbrigen <a title=\"Landkreis W\u00fcrzburg\" href=\"http:\/\/de.wikipedia.org\/wiki\/Landkreis_W%C3%BCrzburg\">Landkreis<\/a> und fahren teilweise dar\u00fcber hinaus. Von diesen 25 <a title=\"Regiobus\" href=\"http:\/\/de.wikipedia.org\/wiki\/Regiobus\">Regionallinien<\/a> geh\u00f6ren acht zur <a title=\"Omnibusverkehr Franken\" href=\"http:\/\/de.wikipedia.org\/wiki\/Omnibusverkehr_Franken\">Omnibusverkehr Franken<\/a> (OVF) mit Sitz in <a title=\"N\u00fcrnberg\" href=\"http:\/\/de.wikipedia.org\/wiki\/N%C3%BCrnberg\">N\u00fcrnberg<\/a> und zwei zur <a title=\"Regional Bus Stuttgart\" href=\"http:\/\/de.wikipedia.org\/wiki\/Regional_Bus_Stuttgart\">Regional Bus Stuttgart<\/a> (RBS), die \u00fcbrigen Verkehre werden zu einem gro\u00dfen Teil von privaten Nahverkehrsunternehmen aus der Region erbracht. Der zentrale Umsteigepunkt, an dem alle Regionalbuslinien und eine Gro\u00dfteil der Stadtbuslinien zusammenlaufen ist der <a title=\"W\u00fcrzburg Busbahnhof\" href=\"http:\/\/de.wikipedia.org\/wiki\/W%C3%BCrzburg_Busbahnhof\">Busbahnhof<\/a> am <a title=\"W\u00fcrzburg Hauptbahnhof\" href=\"http:\/\/de.wikipedia.org\/wiki\/W%C3%BCrzburg_Hauptbahnhof\">Hauptbahnhof<\/a>. Zwei weitere gr\u00f6\u00dfere Umsteigestationen sind die Haltestellen Sanderring am s\u00fcdlichen Ende der Stammstrecke und Reuterstra\u00dfe im Stadtteil Heidingsfeld.{mospagebreak}<\/p>\n<p style=\"text-align: justify;\"><a title=\"Stadtgebiet_und_Vororte\" name=\"Stadtgebiet_und_Vororte\"><\/a><\/p>\n<h3 style=\"text-align: justify;\">Stadtgebiet und Vororte [<a title=\"Abschnitt bearbeiten: Stadtgebiet und Vororte\" href=\"http:\/\/de.wikipedia.org\/w\/index.php?title=Nahverkehr_in_W%C3%BCrzburg&amp;action=edit&amp;section=19\">Bearbeiten<\/a>]<\/h3>\n<p style=\"text-align: justify;\"><a title=\"Liniennetz_2\" name=\"Liniennetz_2\"><\/a><\/p>\n<h4 style=\"text-align: justify;\">Liniennetz [<a title=\"Abschnitt bearbeiten: Liniennetz\" href=\"http:\/\/de.wikipedia.org\/w\/index.php?title=Nahverkehr_in_W%C3%BCrzburg&amp;action=edit&amp;section=20\">Bearbeiten<\/a>]<\/h4>\n<p style=\"text-align: justify;\">Folgende 27 Stadtbuslinien werden in <a title=\"W\u00fcrzburg\" href=\"http:\/\/de.wikipedia.org\/wiki\/W%C3%BCrzburg\">W\u00fcrzburg<\/a> planm\u00e4\u00dfig bedient (Stand: <a title=\"Januar\" href=\"http:\/\/de.wikipedia.org\/wiki\/Januar\">Januar<\/a> <a title=\"2007\" href=\"http:\/\/de.wikipedia.org\/wiki\/2007\">2007<\/a>) :<\/p>\n<table style=\"text-align: justify;\" border=\"2\" cellspacing=\"0\" cellpadding=\"4\">\n<tbody>\n<tr bgcolor=\"#bdb76b\">\n<th rowspan=\"2\">Linie<\/th>\n<th rowspan=\"2\">Streckenverlauf<\/th>\n<th colspan=\"3\">Fahrplanangebot<\/th>\n<\/tr>\n<tr bgcolor=\"#bdb76b\">\n<th>werktags<\/th>\n<th>samstags<\/th>\n<th>sonntags<\/th>\n<\/tr>\n<tr bgcolor=\"#f5f5f5\">\n<td><strong>6<\/strong><\/td>\n<td>Stadtmitte (Juliuspromenade) \u2013 Frauenland \u2013 Gartenstadt Keesburg<\/td>\n<td>15 min.<\/td>\n<td>15 min.<\/td>\n<td>20 min.<\/td>\n<\/tr>\n<tr bgcolor=\"#e6e6fa\">\n<td><strong>7<\/strong><\/td>\n<td>Sanderring \u2013 Zellerau \u2013 Sanderring<\/td>\n<td>30 min.<\/td>\n<td>\u2013<\/td>\n<td>\u2013<\/td>\n<\/tr>\n<tr bgcolor=\"#f5f5f5\">\n<td><strong>8<\/strong><\/td>\n<td>Waldfriedhof \u2013 Zollhaus Steinbachtal \u2013 Steinbachtal<\/td>\n<td><em>kein Takt*<\/em><\/td>\n<td>40 min.<\/td>\n<td>40 min.<\/td>\n<\/tr>\n<tr bgcolor=\"#e6e6fa\">\n<td><strong>9<\/strong><\/td>\n<td>Residenzplatz \u2013 Stadtmitte (Juliuspromenade) \u2013 Kulturspeicher \u2013 Festung<\/td>\n<td>45 min.<\/td>\n<td>40 min.<\/td>\n<td>40 min.<\/td>\n<\/tr>\n<tr bgcolor=\"#f5f5f5\">\n<td><strong>10<\/strong><\/td>\n<td>Sanderring \u2013 Frauenland \u2013 Hubland Uni-Zentrum<\/td>\n<td>10 min.<\/td>\n<td>30 min.<\/td>\n<td>\u2013<\/td>\n<\/tr>\n<tr bgcolor=\"#e6e6fa\">\n<td><strong>11<\/strong><\/td>\n<td>Busbahnhof \u2013 Veitsh\u00f6chheim<\/td>\n<td>20 min.<\/td>\n<td>30 min.<\/td>\n<td>30 min.<\/td>\n<\/tr>\n<tr bgcolor=\"#f5f5f5\">\n<td><strong>12<\/strong><\/td>\n<td>Busbahnhof \u2013 Lindleinsm\u00fchle \u2013 Versbach<\/td>\n<td>20 min.<\/td>\n<td>20 min.<\/td>\n<td>40 min.<\/td>\n<\/tr>\n<tr bgcolor=\"#e6e6fa\">\n<td><strong>13<\/strong><\/td>\n<td>Busbahnhof \u2013 Unterd\u00fcrrbach \u2013 Oberd\u00fcrrbach \u2013 Gromb\u00fchl Uni-Kliniken<\/td>\n<td>30 min.<\/td>\n<td>60 min.<\/td>\n<td>60 min.<\/td>\n<\/tr>\n<tr bgcolor=\"#f5f5f5\">\n<td><strong>14<\/strong><\/td>\n<td>Busbahnhof \u2013 Gerbrunn<\/td>\n<td>20 min.<\/td>\n<td>20 min.<\/td>\n<td>60 min.<\/td>\n<\/tr>\n<tr bgcolor=\"#e6e6fa\">\n<td><strong>114<\/strong><\/td>\n<td>Busbahnhof \u2013 Frauenland \u2013 Hubland Uni-Zentrum<\/td>\n<td>20 min.<\/td>\n<td>\u2013<\/td>\n<td>\u2013<\/td>\n<\/tr>\n<tr bgcolor=\"#f5f5f5\">\n<td><strong>15<\/strong><\/td>\n<td>Busbahnhof \u2013 Sanderring \u2013 Randersacker (\u2013 Gerbrunn)<\/td>\n<td>40 min.<\/td>\n<td>60 min.<\/td>\n<td>60 min.<\/td>\n<\/tr>\n<tr bgcolor=\"#e6e6fa\">\n<td><strong>16<\/strong><\/td>\n<td>Stadtmitte (Juliuspromenade) \u2013 Frauenland \u2013 Lehmgrubensiedlung \u2013 Heidingsfeld \u2013 Winterh\u00e4user Stra\u00dfe<\/td>\n<td>15 min.<\/td>\n<td>15 min.<\/td>\n<td>40 min.<\/td>\n<\/tr>\n<tr bgcolor=\"#f5f5f5\">\n<td><strong>17<\/strong><\/td>\n<td>(Busbahnhof \u2013) Sanderring \u2013 H\u00f6chberg<\/td>\n<td><em>kein Takt*<\/em><\/td>\n<td>60 min.<\/td>\n<td>60 min.<\/td>\n<\/tr>\n<tr bgcolor=\"#e6e6fa\">\n<td><strong>18<\/strong><\/td>\n<td>Busbahnhof \u2013 Zellerau \u2013 H\u00f6chberg<\/td>\n<td>30 min.<\/td>\n<td>60 min.<\/td>\n<td>60 min.<\/td>\n<\/tr>\n<tr bgcolor=\"#f5f5f5\">\n<td><strong>19<\/strong><\/td>\n<td>Busbahnhof \u2013 Veitsh\u00f6chheim \u2013 G\u00fcntersleben<\/td>\n<td><em>kein Takt*<\/em><\/td>\n<td>60 min.<\/td>\n<td>60 min.<\/td>\n<\/tr>\n<tr bgcolor=\"#e6e6fa\">\n<td><strong>20<\/strong><\/td>\n<td>Busbahnhof \u2013 Aum\u00fchle \u2013 N\u00fcrnberger Stra\u00dfe \u2013 Lengfeld<\/td>\n<td>30 min.<\/td>\n<td>30 min.<\/td>\n<td>60 min.<\/td>\n<\/tr>\n<tr bgcolor=\"#f5f5f5\">\n<td><strong>21<\/strong><\/td>\n<td>Busbahnhof \u2013 Lindleinsm\u00fchle \u2013 Lengfeld<\/td>\n<td>30 min.<\/td>\n<td>30 min.<\/td>\n<td>60 min.<\/td>\n<\/tr>\n<tr bgcolor=\"#e6e6fa\">\n<td><strong>22<\/strong><\/td>\n<td>Busbahnhof \u2013 Zellerau \u2013 Zell (Main) \u2013 Margetsh\u00f6chheim<\/td>\n<td>20 min.<\/td>\n<td>30 min.<\/td>\n<td>60 min.<\/td>\n<\/tr>\n<tr bgcolor=\"#f5f5f5\">\n<td><strong>24<\/strong><\/td>\n<td>Gromb\u00fchl Uni-Kliniken \u2013 Schwarzenberg \u2013 Lindleinsm\u00fchle<\/td>\n<td>15 min.<\/td>\n<td>30 min.<\/td>\n<td>30 min.<\/td>\n<\/tr>\n<tr bgcolor=\"#e6e6fa\">\n<td><strong>26<\/strong><\/td>\n<td>Busbahnhof \u2013 Aum\u00fchle \u2013 N\u00fcrnberger Stra\u00dfe \u2013 Pilziggrund \u2013 W\u00f6llriederhof<\/td>\n<td>20 min.<\/td>\n<td>30 min.<\/td>\n<td>60 min.<\/td>\n<\/tr>\n<tr bgcolor=\"#f5f5f5\">\n<td><strong>27<\/strong><\/td>\n<td>Busbahnhof \u2013 Neuer Hafen \/ D\u00fcrrbachau<\/td>\n<td><em>kein Takt*<\/em><\/td>\n<td><em>kein Takt*<\/em><\/td>\n<td>\u2013<\/td>\n<\/tr>\n<tr bgcolor=\"#e6e6fa\">\n<td><strong>28<\/strong><\/td>\n<td>Busbahnhof \u2013 M\u00f6nchberg<\/td>\n<td>20 min.<\/td>\n<td>30 min.<\/td>\n<td>60 min.<\/td>\n<\/tr>\n<tr bgcolor=\"#f5f5f5\">\n<td><strong>31<\/strong><\/td>\n<td>Heidingsfeld Reuterstra\u00dfe \u2013 Reichenberg (\u2013 Forsthaus Guttenberg)<\/td>\n<td>30 min.<\/td>\n<td>60 min.<\/td>\n<td>60 min.<\/td>\n<\/tr>\n<tr bgcolor=\"#e6e6fa\">\n<td><strong>33<\/strong><\/td>\n<td>Heidingsfeld Reuterstra\u00dfe \u2013 Katzenberg \u2013 Winterh\u00e4user Stra\u00dfe \u2013 Heidingsfeld Reuterstra\u00dfe<\/td>\n<td>30 min.<\/td>\n<td>60 min.<\/td>\n<td>\u2013<\/td>\n<\/tr>\n<tr bgcolor=\"#f5f5f5\">\n<td><strong>34<\/strong><\/td>\n<td>Heidingsfeld Reuterstra\u00dfe \u2013 Sanderau \u2013 Frauenland \u2013 Hubland Uni-Zentrum \u2013 Gerbrunn \u2013 W\u00f6llriderhof \u2013 Lengfeld<\/td>\n<td>45 min.<\/td>\n<td>\u2013<\/td>\n<td>\u2013<\/td>\n<\/tr>\n<tr bgcolor=\"#e6e6fa\">\n<td><strong>35<\/strong><\/td>\n<td>Sanderring \u2013 Frankenwarte (\u2013 K\u00e4ppele)<\/td>\n<td><em>kein Takt*<\/em><\/td>\n<td>60 min.<\/td>\n<td>60 min.<\/td>\n<\/tr>\n<tr bgcolor=\"#f5f5f5\">\n<td colspan=\"5\"><em>* Die Angabe \u201ekein Takt\u201c meint, dass auf dieser Linie keine durchgehende Taktfrequenz existiert, sondern der Fahrplan nach dem Bedarf der Fahrg\u00e4ste ausgerichtet ist.<\/em><\/td>\n<\/tr>\n<\/tbody>\n<\/table>\n<p style=\"text-align: justify;\"><a title=\"Fahrzeuge_2\" name=\"Fahrzeuge_2\"><\/a><\/p>\n<h4 style=\"text-align: justify;\">{mospagebreak}?<\/h4>\n<p style=\"text-align: justify;\"><strong>Fahrzeuge <\/strong>[<a title=\"Abschnitt bearbeiten: Fahrzeuge\" href=\"http:\/\/de.wikipedia.org\/w\/index.php?title=Nahverkehr_in_W%C3%BCrzburg&amp;action=edit&amp;section=21\">Bearbeiten<\/a>]<\/p>\n<div style=\"text-align: justify;\">\n<div><a title=\"Busse der WSB und der privaten Hammer GmbH am W\u00fcrzburger Busbahnhof\" href=\"http:\/\/de.wikipedia.org\/wiki\/Bild:PICT0352.jpg\"><img loading=\"lazy\" src=\"http:\/\/upload.wikimedia.org\/wikipedia\/de\/thumb\/1\/1d\/PICT0352.jpg\/200px-PICT0352.jpg\" border=\"0\" alt=\"Busse der WSB und der privaten Hammer GmbH am W\u00fcrzburger Busbahnhof\" width=\"200\" height=\"150\" \/><\/a><\/div>\n<div>\n<div><a title=\"vergr\u00f6\u00dfern\" href=\"http:\/\/de.wikipedia.org\/wiki\/Bild:PICT0352.jpg\"><img loading=\"lazy\" src=\"http:\/\/de.wikipedia.org\/skins-1.5\/common\/images\/magnify-clip.png\" border=\"0\" alt=\"\" width=\"15\" height=\"11\" \/><\/a><\/div>\n<p>Busse der WSB und der privaten Hammer GmbH am W\u00fcrzburger Busbahnhof<\/p>\n<\/div>\n<\/div>\n<\/div>\n<p style=\"text-align: justify;\">Da die <a title=\"W\u00fcrzburger Stra\u00dfenbahn GmbH\" href=\"http:\/\/de.wikipedia.org\/wiki\/W%C3%BCrzburger_Stra%C3%9Fenbahn_GmbH\">W\u00fcrzburger Stra\u00dfenbahn GmbH<\/a> in den vergangenen Jahren umfangreiche Investitionen f\u00fcr die Verj\u00fcngung des Bus-Fuhrparks get\u00e4tigt hat, besteht dieser heute zu einem gro\u00dfen Teil aus Niederflurfahrzeugen. Zwischen <a title=\"2000\" href=\"http:\/\/de.wikipedia.org\/wiki\/2000\">2000<\/a> und <a title=\"2004\" href=\"http:\/\/de.wikipedia.org\/wiki\/2004\">2004<\/a> wurden alleine 21 neue Gelenk- und Solobusse von MAN beschafft, zehn <a title=\"EvoBus\" href=\"http:\/\/de.wikipedia.org\/wiki\/EvoBus\">EvoBus<\/a>&#8211; bzw. <a title=\"Mercedes-Benz\" href=\"http:\/\/de.wikipedia.org\/wiki\/Mercedes-Benz\">Mercedes-Benz<\/a>-Busse (teilweise aus der <a title=\"Citaro\" href=\"http:\/\/de.wikipedia.org\/wiki\/Citaro\">Citaro<\/a>-Baureihe) stammen aus dem Jahr 1998, weitere elf Fahrzeuge sind \u00e4lteren Baujahres. Die j\u00fcngsten Neuzug\u00e4nge sind zwei MAN-Midibusse, die seit Januar 2006 auf der Linie 9 die alten Kowex-Midibusse ersetzt haben. Bedingt durch die \u00dcbertragung des Omnibusbetriebs auf die NVG wird es k\u00fcnftig bei der WSB keine Fahrzeugneubeschaffungen mehr geben.<\/p>\n<p style=\"text-align: justify;\">Auch die Omnibus-Betriebsgesellschaft (NVG) verf\u00fcgt \u00fcber gr\u00f6\u00dftenteils modernes Fahrzeugmaterial, unter anderem z\u00e4hlen 26 <a title=\"MAN\" href=\"http:\/\/de.wikipedia.org\/wiki\/MAN\">MAN<\/a>-Niederflurbusse und sechs <a title=\"Citaro\" href=\"http:\/\/de.wikipedia.org\/wiki\/Citaro\">Citaro<\/a>-Solowagen von EvoBus zu ihrem Bestand. Seit 2005 wurden insgesamt 17 Gelenk- und Solobusse aus der neuen MAN-Baureihe \u201eLion\u00b4s City\u201c beschafft, die neben ihrer behindertengerechten Ausstattung auch die Euro-4-Abgasnorm erf\u00fcllen.<\/p>\n<p style=\"text-align: justify;\">Desweiteren sind auch einige ansonsten vornehmlich auf den Regionalbusbetrieb konzentrierten privaten Betreiber im Stadtverkehr t\u00e4tig, wie etwa die Unternehmen Ditterich, Amrehn und Franz Heim, die meist Busse der Hersteller MAN und Setra einsetzen.{mospagebreak}<\/p>\n<p><a title=\"Landkreis_und_Region\" name=\"Landkreis_und_Region\"><\/a><\/p>\n<h3>Landkreis und Region [<a title=\"Abschnitt bearbeiten: Landkreis und Region\" href=\"http:\/\/de.wikipedia.org\/w\/index.php?title=Nahverkehr_in_W%C3%BCrzburg&amp;action=edit&amp;section=22\">Bearbeiten<\/a>]<\/h3>\n<p><a title=\"Liniennetz_3\" name=\"Liniennetz_3\"><\/a><\/p>\n<h4>Liniennetz [<a title=\"Abschnitt bearbeiten: Liniennetz\" href=\"http:\/\/de.wikipedia.org\/w\/index.php?title=Nahverkehr_in_W%C3%BCrzburg&amp;action=edit&amp;section=23\">Bearbeiten<\/a>]<\/h4>\n<p>Folgende Linien (41 bis 55) bedienen den \u00fcbrigen Landkreis W\u00fcrzburg (Stand: <a title=\"Januar\" href=\"http:\/\/de.wikipedia.org\/wiki\/Januar\">Januar<\/a> <a title=\"2005\" href=\"http:\/\/de.wikipedia.org\/wiki\/2005\">2005<\/a>) :<\/p>\n<ul>\n<li><strong>Linie 41:<\/strong> W\u00fcrzburg Busbahnhof \u2013 Albertshausen \u2013 Geroldshausen \u2013 Kirchheim \u2013 Gaub\u00fcttelbrunn<\/li>\n<li><strong>Linie 42:<\/strong> W\u00fcrzburg Busbahnhof \u2013 Giebelstadt \u2013 (Ochsenfurt) \u2013 B\u00fctthardt \u2013 R\u00f6ttingen<\/li>\n<li><strong>Linie 43:<\/strong> W\u00fcrzburg Busbahnhof \u2013 Estenfeld \u2013 K\u00fcrnach<\/li>\n<li><strong>Linie 44:<\/strong> W\u00fcrzburg Busbahnhof \u2013 Prosselsheim \u2013 Euerfeld \u2013 Eisenheim \u2013 Wipfeld<\/li>\n<li><strong>Linie 45:<\/strong> W\u00fcrzburg Busbahnhof \u2013 Maidbronn \u2013 Rimpar \u2013 Gramschatz<\/li>\n<li><strong>Linie 46:<\/strong> W\u00fcrzburg Busbahnhof \u2013 Unterpleichfeld \u2013 Burggrumbach \u2013 Hausen \/ Rieden \u2013 Bergtheim \u2013 Opferbaum<\/li>\n<li><strong>Linie 47:<\/strong> W\u00fcrzburg Busbahnhof \u2013 Waldb\u00fcttelbrunn \u2013 Helmstadt \u2013 Neubrunn \u2013 B\u00f6ttigheim<\/li>\n<li><strong>Linie 48:<\/strong> W\u00fcrzburg Busbahnhof \u2013 Hettstadt<\/li>\n<li><strong>Linie 49:<\/strong> W\u00fcrzburg Busbahnhof \u2013 Kist \u2013 Altertheim \u2013 Steinbach \u2013 Kleinrinderfeld<\/li>\n<li><strong>Linie 50:<\/strong> W\u00fcrzburg Busbahnhof \u2013 Greu\u00dfenheim \u2013 Uettingen<\/li>\n<li><strong>Linie 51:<\/strong> W\u00fcrzburg Busbahnhof \u2013 Eisingen \u2013 Waldbrunn<\/li>\n<li><strong>Linie 52:<\/strong> W\u00fcrzburg Busbahnhof \u2013 Zell (Main) \u2013 Margetsh\u00f6chheim \u2013 Erlabrunn \u2013 Leinach<\/li>\n<li><strong>Linie 53:<\/strong> W\u00fcrzburg Busbahnhof \u2013 Uettingen \u2013 Remlingen<\/li>\n<li><strong>Linie 54:<\/strong> W\u00fcrzburg Busbahnhof \u2013 Uettingen \u2013 Holzkirchen \u2013 W\u00fcstenzell<\/li>\n<li><strong>Linie 55:<\/strong> W\u00fcrzburg Busbahnhof \u2013 Randersacker \u2013 Theilheim<\/li>\n<\/ul>\n<p style=\"text-align: justify;\">Diese Linien werden vornehmlich von privaten Omnibusbetrieben aus der Region betrieben (z.B. Hammer, Alka Reisen, Schraud, Ditterich, Huberts Reisen, Steigerwald, Franz Heim, Hillenbrand und viele andere). Meist setzen die privaten Betreiber Nieder- und Hochflurbusse aus der <a title=\"Setra\" href=\"http:\/\/de.wikipedia.org\/wiki\/Setra\">Setra<\/a> MultiClass ein, die speziell f\u00fcr den \u00dcberlandverkehr konzipiert wurde. Aber auch Fahrzeuge der Hersteller MAN und <a title=\"Neoplan\" href=\"http:\/\/de.wikipedia.org\/wiki\/Neoplan\">Neoplan<\/a> sowie die \u00dcberlandversion des Citaro sind zahlreich vertreten.{mospagebreak}<\/p>\n<p><a title=\"Linien_von_Omnibusverkehr_Franken\" name=\"Linien_von_Omnibusverkehr_Franken\"><\/a><\/p>\n<h4>Linien von Omnibusverkehr Franken [<a title=\"Abschnitt bearbeiten: Linien von Omnibusverkehr Franken\" href=\"http:\/\/de.wikipedia.org\/w\/index.php?title=Nahverkehr_in_W%C3%BCrzburg&amp;action=edit&amp;section=24\">Bearbeiten<\/a>]<\/h4>\n<p style=\"text-align: justify;\">Die <a title=\"1988\" href=\"http:\/\/de.wikipedia.org\/wiki\/1988\">1988<\/a> als Tochtergesellschaft der <a title=\"Deutsche Bundesbahn\" href=\"http:\/\/de.wikipedia.org\/wiki\/Deutsche_Bundesbahn\">Deutschen Bundesbahn<\/a> gegr\u00fcndete und mittlerweile selbstst\u00e4ndige <a title=\"Omnibusverkehr Franken GmbH\" href=\"http:\/\/de.wikipedia.org\/wiki\/Omnibusverkehr_Franken_GmbH\">Omnibusverkehr Franken GmbH<\/a> ist bayernweit das gr\u00f6\u00dfte Regionalbusunternehmen und besitzt heute 258 eigene Busfahrzeuge, 700 Mitarbeiter und 290 Linien in <a title=\"Unterfranken\" href=\"http:\/\/de.wikipedia.org\/wiki\/Unterfranken\">Unter-<\/a>, <a title=\"Mittelfranken\" href=\"http:\/\/de.wikipedia.org\/wiki\/Mittelfranken\">Mittel-<\/a> und <a title=\"Oberfranken\" href=\"http:\/\/de.wikipedia.org\/wiki\/Oberfranken\">Oberfranken<\/a>. Im Raum <a title=\"W\u00fcrzburg\" href=\"http:\/\/de.wikipedia.org\/wiki\/W%C3%BCrzburg\">W\u00fcrzburg<\/a> bedient das N\u00fcrnberger <a title=\"Unternehmen\" href=\"http:\/\/de.wikipedia.org\/wiki\/Unternehmen\">Unternehmen<\/a> acht Linien, die haupts\u00e4chlich die entlegenen Teile des Landkreises und teilweise auch Orte au\u00dferhalb des Landkreises mit dem Oberzentrum W\u00fcrzburg verbinden.<\/p>\n<ul>\n<li><strong>Linie 8065:<\/strong> W\u00fcrzburg Busbahnhof \u2013 Veitsh\u00f6chheim \u2013 Th\u00fcngersheim<\/li>\n<li><strong>Linie 8066:<\/strong> W\u00fcrzburg Busbahnhof \u2013 Randersacker \u2013 Eibelstadt \u2013 Sommerhausen \u2013 Ochsenfurt \u2013 Frickenhausen<\/li>\n<li><strong>Linie 8070:<\/strong> W\u00fcrzburg Busbahnhof \u2013 Holzkirchen \u2013 W\u00fcstenzell (\u2013 Miltenberg)<\/li>\n<li><strong>Linie 8075:<\/strong> W\u00fcrzburg Busbahnhof \u2013 Waldb\u00fcttelbrunn \u2013 Kleinrinderfeld<\/li>\n<li><strong>Linie 8076:<\/strong> W\u00fcrzburg Busbahnhof \u2013 Altertheim \u2013 Steinbach (\u2013 Werbach)<\/li>\n<li><strong>Linie 8078:<\/strong> W\u00fcrzburg Busbahnhof \u2013 Uettingen \u2013 Remlingen (\u2013 Marktheidenfeld)<\/li>\n<li><strong>Linie 8084:<\/strong> W\u00fcrzburg Busbahnhof \u2013 Giebelstadt \u2013 (Ochsenfurt \u2013 Aub) \u2013 Tauberrettersheim<\/li>\n<li><strong>Linie 8100:<\/strong> W\u00fcrzburg Busbahnhof \u2013 Rottendorf<\/li>\n<\/ul>\n<p style=\"text-align: justify;\">Die OVF bef\u00e4hrt diese Strecken \u00fcberwiegend mit eigenen \u00dcberlandbussen von Setra und MAN, die im Betriebshof <a title=\"Gem\u00fcnden am Main\" href=\"http:\/\/de.wikipedia.org\/wiki\/Gem%C3%BCnden_am_Main\">Gem\u00fcnden (Main)<\/a> vorgehalten werden. Zu einem grp\u00dfen Teil verf\u00fcgen die Fahrzeuge bereits \u00fcber die moderne Niederflurtechnik, aber auch Hochflurbusse mit Stufeneinsitiegen befinden sich im Besitz der OVF. Seit 2004 besitzt die OVF auch einige vom <a title=\"Bayern\" href=\"http:\/\/de.wikipedia.org\/wiki\/Bayern\">Freistaat Bayern<\/a> finanziell gef\u00f6rderte Erdgasbussen des Typs MAN N\u00dc 313 CNG.{mospagebreak}<\/p>\n<p><a title=\"Linien_von_Regional_Bus_Stuttgart\" name=\"Linien_von_Regional_Bus_Stuttgart\"><\/a><\/p>\n<h4>Linien von Regional Bus Stuttgart [<a title=\"Abschnitt bearbeiten: Linien von Regional Bus Stuttgart\" href=\"http:\/\/de.wikipedia.org\/w\/index.php?title=Nahverkehr_in_W%C3%BCrzburg&amp;action=edit&amp;section=25\">Bearbeiten<\/a>]<\/h4>\n<p style=\"text-align: justify;\">Die <a title=\"Regional Bus Stuttgart\" href=\"http:\/\/de.wikipedia.org\/wiki\/Regional_Bus_Stuttgart\">Regional Bus Stuttgart<\/a> GmbH ist \u2013 \u00e4hnlich wie die <a title=\"Omnibusverkehr Franken GmbH\" href=\"http:\/\/de.wikipedia.org\/wiki\/Omnibusverkehr_Franken_GmbH\">Omnibusverkehr Franken GmbH<\/a> in <a title=\"Franken\" href=\"http:\/\/de.wikipedia.org\/wiki\/Franken\">Franken<\/a> \u2013 seit <a title=\"1988\" href=\"http:\/\/de.wikipedia.org\/wiki\/1988\">1988<\/a> im \u00fcberreginalen Busverkehr in Nord-<a title=\"W\u00fcrttemberg\" href=\"http:\/\/de.wikipedia.org\/wiki\/W%C3%BCrttemberg\">W\u00fcrttemberg<\/a> unterwegs. Auf 114 Buslinien setzt das <a title=\"Unternehmen\" href=\"http:\/\/de.wikipedia.org\/wiki\/Unternehmen\">Unternehmen<\/a> 285 eigene und 304 angemietete Busse ein. Von der Betriebsleitstelle <a title=\"Lauda\" href=\"http:\/\/de.wikipedia.org\/wiki\/Lauda\">Lauda<\/a> aus gelangen zwei Linien bis nach <a title=\"W\u00fcrzburg\" href=\"http:\/\/de.wikipedia.org\/wiki\/W%C3%BCrzburg\">W\u00fcrzburg<\/a>, auf denen \u00fcberwiegend moderne \u00dcberlandbusse aus der Conecto-Baureihe von <a title=\"Mercedes-Benz\" href=\"http:\/\/de.wikipedia.org\/wiki\/Mercedes-Benz\">Mercedes-Benz<\/a> zum Einsatz kommen.<\/p>\n<ul>\n<li><strong>Linie 850:<\/strong> W\u00fcrzburg Busbahnhof \u2013 Kist \u2013 Gro\u00dfrinderfeld \u2013 Tauberbischofsheim \u2013 Hardheim \u2013 Buchen (Odenwald)<\/li>\n<li><strong>Linie 851:<\/strong> W\u00fcrzburg Busbahnhof \u2013 Geroldshausen \u2013 Kirchheim \u2013 Wittighausen \u2013 Lauda-K\u00f6nigshofen \u2013 Boxberg \u2013 Rosenberg \u2013 Osterburken{mospagebreak}<\/li>\n<\/ul>\n<p><a title=\"K.C3.BCnftige_Entwicklung\" name=\"K.C3.BCnftige_Entwicklung\"><\/a><\/p>\n<h3>K\u00fcnftige Entwicklung [<a title=\"Abschnitt bearbeiten: K\u00fcnftige Entwicklung\" href=\"http:\/\/de.wikipedia.org\/w\/index.php?title=Nahverkehr_in_W%C3%BCrzburg&amp;action=edit&amp;section=26\">Bearbeiten<\/a>]<\/h3>\n<p><a title=\"Wettbewerb_im_Omnibusverkehr\" name=\"Wettbewerb_im_Omnibusverkehr\"><\/a><\/p>\n<h4>Wettbewerb im Omnibusverkehr [<a title=\"Abschnitt bearbeiten: Wettbewerb im Omnibusverkehr\" href=\"http:\/\/de.wikipedia.org\/w\/index.php?title=Nahverkehr_in_W%C3%BCrzburg&amp;action=edit&amp;section=27\">Bearbeiten<\/a>]<\/h4>\n<p style=\"text-align: justify;\">W\u00e4hrend in weiten Teilen Deutschlands \u2013 auch in <a title=\"Franken\" href=\"http:\/\/de.wikipedia.org\/wiki\/Franken\">Franken<\/a> und Bayern \u2013 bereits regelm\u00e4\u00dfig Omnibuslinien europaweit zum Wettbewerb ausgeschrieben werden, blieb der Busverkehr in W\u00fcrzburg davon bisher verschont. Auch der \u00fcberwiegend f\u00fcr den Wettbewerb favorisierte Regoinalbusverkehr bekam davon noch nichts zu sp\u00fcren. Doch dies wird sich in den kommenden Jahren \u00e4ndern, sowohl im innerst\u00e4dtischen als auch im regionalen Verkehr. Die NVG hat f\u00fcr ihre 27 Stadtbuslinien einen Verkehrsdurchf\u00fchrungsvertrag bis 2011, dann wird auch sie sich dem Wettbewerb stellen m\u00fcssen. M\u00f6glicherweise erhalten dann auch andere Unternehmen, wie etwa die international t\u00e4tigen Unternehmen <a title=\"Arriva\" href=\"http:\/\/de.wikipedia.org\/wiki\/Arriva\">Arriva<\/a> und <a title=\"Veolia\" href=\"http:\/\/de.wikipedia.org\/wiki\/Veolia\">Veolia<\/a>, Einzug in den Omnibusverkehr Mainfrankens.{mospagebreak}<\/p>\n<p><a title=\"Einf.C3.BChrung_des_Taktverkehrs\" name=\"Einf.C3.BChrung_des_Taktverkehrs\"><\/a><\/p>\n<h4>Einf\u00fchrung des Taktverkehrs [<a title=\"Abschnitt bearbeiten: Einf\u00fchrung des Taktverkehrs\" href=\"http:\/\/de.wikipedia.org\/w\/index.php?title=Nahverkehr_in_W%C3%BCrzburg&amp;action=edit&amp;section=28\">Bearbeiten<\/a>]<\/h4>\n<p style=\"text-align: justify;\">Momentan wird nur auf einigen Regionalbuslinien im Landkreis W\u00fcrzburg ein regelm\u00e4\u00dfiger Taktverkehr angeboten. Neben der Linie 43 wurde zuletzt beispielsweise die Maintal-Linie 8066 der OVF von W\u00fcrzburg nach <a title=\"Frickenhausen\" href=\"http:\/\/de.wikipedia.org\/wiki\/Frickenhausen\">Frickenhausen<\/a> zum Sommerfahrplan 2006 auf einen 60-Minuten-Takt (am Wochenende alle 120 Minuten) umgestellt, wof\u00fcr der Landkreis 110.000 Euro investierte. Auf den \u00fcbrigen Linien besteht gr\u00f6\u00dftenteils nur ein Bedarfsfahrplan, der sich nach dem Fahrverhalten der Sch\u00fcler und Berufst\u00e4tigen richtet. Au\u00dferdem klaffen in Bedarfsfahrpl\u00e4nen oft gro\u00dfe L\u00fccken, in Gemeinden wie <a title=\"Greu\u00dfenheim\" href=\"http:\/\/de.wikipedia.org\/wiki\/Greu%C3%9Fenheim\">Greu\u00dfenheim<\/a>, <a title=\"Erlabrunn\" href=\"http:\/\/de.wikipedia.org\/wiki\/Erlabrunn\">Erlabrunn<\/a>, <a title=\"Leinach\" href=\"http:\/\/de.wikipedia.org\/wiki\/Leinach\">Leinach<\/a>, <a title=\"Reichenberg\" href=\"http:\/\/de.wikipedia.org\/wiki\/Reichenberg\">Reichenberg<\/a>, <a title=\"Kist\" href=\"http:\/\/de.wikipedia.org\/wiki\/Kist\">Kist<\/a> und <a title=\"Eisingen\" href=\"http:\/\/de.wikipedia.org\/wiki\/Eisingen\">Eisingen<\/a> liegt das Fahrplanangebot unter den gesetzlichen Richtwerten. Deshalb dr\u00e4ngen insbesondere die Gr\u00fcnen auf eine fl\u00e4chendeckende Einf\u00fchrung von Taktverkehren, da auf diese Weise mehr Menschen zum Umstieg auf \u00f6ffentliche Verkehrsmittel bewegt werden k\u00f6nnten. <sup><a href=\"http:\/\/de.wikipedia.org\/wiki\/Nahverkehr_in_W%C3%BCrzburg#_note-6\">[7]<\/a><\/sup><\/p>\n<p>{mospagebreak}<a title=\"Eisenbahnverkehr\" name=\"Eisenbahnverkehr\"><\/a><\/p>\n<h2>Eisenbahnverkehr [<a title=\"Abschnitt bearbeiten: Eisenbahnverkehr\" href=\"http:\/\/de.wikipedia.org\/w\/index.php?title=Nahverkehr_in_W%C3%BCrzburg&amp;action=edit&amp;section=29\">Bearbeiten<\/a>]<\/h2>\n<div><a href=\"http:\/\/de.wikipedia.org\/wiki\/Bild:Deutsche_Bahn_AG-Logo.svg\"><img loading=\"lazy\" src=\"http:\/\/upload.wikimedia.org\/wikipedia\/de\/thumb\/d\/d5\/Deutsche_Bahn_AG-Logo.svg\/100px-Deutsche_Bahn_AG-Logo.svg.png\" border=\"0\" alt=\"\" width=\"100\" height=\"70\" \/><\/a><\/div>\n<p style=\"text-align: justify;\">Im Raum W\u00fcrzburg verkehren eine ganze Reihe von <a title=\"RegionalExpress\" href=\"http:\/\/de.wikipedia.org\/wiki\/RegionalExpress\">RegionalExpress<\/a>&#8211; und <a title=\"RegionalBahn\" href=\"http:\/\/de.wikipedia.org\/wiki\/RegionalBahn\">RegionalBahn<\/a>-Linien, die allesamt von der Deutschen Bahn AG (<a title=\"DB Regio Unterfranken\" href=\"http:\/\/de.wikipedia.org\/wiki\/DB_Regio_Unterfranken\">DB Regio Unterfranken<\/a> und DB RegioNetz <a title=\"WestFrankenBahn\" href=\"http:\/\/de.wikipedia.org\/wiki\/WestFrankenBahn\">WestFrankenBahn<\/a>) bedient werden. Anders als mittlerweile in gro\u00dfen Teilen Deutschlands verkehren hier noch \u00fcberwiegend lokbespannte Wendez\u00fcge, einzig auf den Strecken, die in das <a title=\"Neigetechnik\" href=\"http:\/\/de.wikipedia.org\/wiki\/Neigetechnik\">Neigetechnikkonzept<\/a> eingebunden sind und auf der teilweise nicht elektrifizierten Strecke nach <a title=\"Crailsheim\" href=\"http:\/\/de.wikipedia.org\/wiki\/Crailsheim\">Crailsheim<\/a> verkehren <a title=\"Dieseltriebwagen\" href=\"http:\/\/de.wikipedia.org\/wiki\/Dieseltriebwagen\">Dieseltriebwagen<\/a>.<\/p>\n<p><a title=\"Bahnh.C3.B6fe_und_Haltestellen\" name=\"Bahnh.C3.B6fe_und_Haltestellen\"><\/a><\/p>\n<h3>Bahnh\u00f6fe und Haltestellen [<a title=\"Abschnitt bearbeiten: Bahnh\u00f6fe und Haltestellen\" href=\"http:\/\/de.wikipedia.org\/w\/index.php?title=Nahverkehr_in_W%C3%BCrzburg&amp;action=edit&amp;section=30\">Bearbeiten<\/a>]<\/h3>\n<div>\n<div><a title=\"Ein VT 612 und eine Modus-Wagen-Garnitur im W\u00fcrzburger Hauptbahnhof\" href=\"http:\/\/de.wikipedia.org\/wiki\/Bild:Z%C3%BCge_im_W%C3%BCrzburger_Hbf.jpg\"><img loading=\"lazy\" src=\"http:\/\/upload.wikimedia.org\/wikipedia\/de\/thumb\/1\/12\/Z%C3%BCge_im_W%C3%BCrzburger_Hbf.jpg\/200px-Z%C3%BCge_im_W%C3%BCrzburger_Hbf.jpg\" border=\"0\" alt=\"Ein VT 612 und eine Modus-Wagen-Garnitur im W\u00fcrzburger Hauptbahnhof\" width=\"200\" height=\"150\" \/><\/a><\/div>\n<div>\n<div><a title=\"vergr\u00f6\u00dfern\" href=\"http:\/\/de.wikipedia.org\/wiki\/Bild:Z%C3%BCge_im_W%C3%BCrzburger_Hbf.jpg\"><img loading=\"lazy\" src=\"http:\/\/de.wikipedia.org\/skins-1.5\/common\/images\/magnify-clip.png\" border=\"0\" alt=\"\" width=\"15\" height=\"11\" \/><\/a><\/div>\n<p>Ein VT 612 und eine Modus-Wagen-Garnitur im W\u00fcrzburger Hauptbahnhof<\/p>\n<\/div>\n<\/div>\n<div>\n<div><a title=\"Eine RegionalBahn nach Treuchtlingen am Haltepunkt W\u00fcrzburg-S\u00fcd\" href=\"http:\/\/de.wikipedia.org\/wiki\/Bild:W%C3%BCrzburg_S%C3%BCd_0901.jpg\"><img loading=\"lazy\" src=\"http:\/\/upload.wikimedia.org\/wikipedia\/commons\/thumb\/8\/8c\/W%C3%BCrzburg_S%C3%BCd_0901.jpg\/200px-W%C3%BCrzburg_S%C3%BCd_0901.jpg\" border=\"0\" alt=\"Eine RegionalBahn nach Treuchtlingen am Haltepunkt W\u00fcrzburg-S\u00fcd\" width=\"200\" height=\"150\" \/><\/a><\/div>\n<div>\n<div><a title=\"vergr\u00f6\u00dfern\" href=\"http:\/\/de.wikipedia.org\/wiki\/Bild:W%C3%BCrzburg_S%C3%BCd_0901.jpg\"><img loading=\"lazy\" src=\"http:\/\/de.wikipedia.org\/skins-1.5\/common\/images\/magnify-clip.png\" border=\"0\" alt=\"\" width=\"15\" height=\"11\" \/><\/a><\/div>\n<p>Eine RegionalBahn nach Treuchtlingen am Haltepunkt W\u00fcrzburg-S\u00fcd<\/p>\n<\/div>\n<\/div>\n<p>In <a title=\"W\u00fcrzburg\" href=\"http:\/\/de.wikipedia.org\/wiki\/W%C3%BCrzburg\">W\u00fcrzburg<\/a> existieren drei Zugangsstellen zum <a title=\"SPNV\" href=\"http:\/\/de.wikipedia.org\/wiki\/SPNV\">Schienenpersonennahverkehr<\/a> (SPNV):<\/p>\n<ul>\n<li><a title=\"W\u00fcrzburg Hauptbahnhof\" href=\"http:\/\/de.wikipedia.org\/wiki\/W%C3%BCrzburg_Hauptbahnhof\">W\u00fcrzburg Hauptbahnhof<\/a><\/li>\n<li>W\u00fcrzburg-S\u00fcd<\/li>\n<li>W\u00fcrzburg-Zell<\/li>\n<\/ul>\n<p style=\"text-align: justify;\">W\u00e4hrend am <a title=\"Hauptbahnhof\" href=\"http:\/\/de.wikipedia.org\/wiki\/Hauptbahnhof\">Hauptbahnhof<\/a> alle Linien des <a title=\"Nahverkehr\" href=\"http:\/\/de.wikipedia.org\/wiki\/Nahverkehr\">Nah-<\/a> und <a title=\"Fernverkehr\" href=\"http:\/\/de.wikipedia.org\/wiki\/Fernverkehr\">Fernverkehrs<\/a> halten, wird der Haltepunkt W\u00fcrzburg-S\u00fcd nur von den RegionalBahnen Richtung Ansbach und Bad Mergentheim, der Haltepunkt W\u00fcrzburg-Zell sogar nur von der <a title=\"RegionalBahn\" href=\"http:\/\/de.wikipedia.org\/wiki\/RegionalBahn\">RegionalBahn<\/a>-Linie (Schl\u00fcchtern \u2013) Jossa \u2013 Gem\u00fcnden (Main) \u2013 W\u00fcrzburg \u2013 Schweinfurt (\u2013 Bamberg) angefahren. Verkn\u00fcpfungsanlagen mit anderen Verkehrsmitteln bestehen neben dem Hauptbahnhof nur am Haltepunkt W\u00fcrzburg-S\u00fcd (Bushaltestelle S\u00fcdbahnhof \/ LVA der Linie 16). W\u00fcrzburg-Zell ist \u00fcberhaupt nicht an den Bus- oder Stra\u00dfenbahnverkehr angebunden. Die <a title=\"Bahnhof\" href=\"http:\/\/de.wikipedia.org\/wiki\/Bahnhof\">Bahnh\u00f6fe<\/a> W\u00fcrzburg-Heidingsfeld Ost, W\u00fcrzburg-Heidingsfeld West und W\u00fcrzburg-Heimgarten werden mittlerweile nicht mehr planm\u00e4\u00dfig bedient bzw. sind abgebaut (W\u00fcrzburg-Heimgarten).<\/p>\n<p style=\"text-align: justify;\">Im Rahmen eines eventuell m\u00f6glichen <a title=\"Regionalstadtbahn\" href=\"http:\/\/de.wikipedia.org\/wiki\/Regionalstadtbahn\">Regionalstadtbahnkonzeptes<\/a> wurde vom Verkehrsclub Deutschland vorgeschlagen, neue Haltepunkte im Stadtgebiet zu er\u00f6ffnen bzw. ehemalige Stationen zu reaktivieren. So h\u00e4lt es der VCD f\u00fcr sinnvoll, anstatt der beiden stillgelegten Bahnh\u00f6fe Heidingsfeld Ost und Heidingsfeld West einen gemeinsamen Haltepunkt an der Verzweigung der Bahnstrecken nach Stuttgart (<a title=\"Frankenbahn\" href=\"http:\/\/de.wikipedia.org\/wiki\/Frankenbahn\">KBS 780<\/a>) und Treuchtlingen (<a title=\"Bahnstrecke W\u00fcrzburg\u2013Treuchtlingen\" href=\"http:\/\/de.wikipedia.org\/wiki\/Bahnstrecke_W%C3%BCrzburg%E2%80%93Treuchtlingen\">KBS 920<\/a>) zu realisieren, da hier mit der Stra\u00dfenbahnhaltestelle \u201eKlingenstra\u00dfe\u201c (Linien 3 und 5) und der Bushaltestelle \u201eHofmannstra\u00dfe\u201c (Linien 31 und 33) Umsteigeverkn\u00fcpfungen geschaffen werden k\u00f6nnen.{mospagebreak}<\/p>\n<p><a title=\"Liniennetz_4\" name=\"Liniennetz_4\"><\/a><\/p>\n<h3>Liniennetz [<a title=\"Abschnitt bearbeiten: Liniennetz\" href=\"http:\/\/de.wikipedia.org\/w\/index.php?title=Nahverkehr_in_W%C3%BCrzburg&amp;action=edit&amp;section=31\">Bearbeiten<\/a>]<\/h3>\n<p style=\"text-align: justify;\">In W\u00fcrzburg treffen f\u00fcnf RegionalExpress-Linien aufeinander, die alle am Hauptbahnhof enden, Durchmesserlinien gibt es seit der Aufteilung der Linie N\u00fcrnberg &#8211; Frankfurt (Main) in zwei Strecken\u00e4ste nicht mehr. Die RegionalBahnen aus <a title=\"Jossa\" href=\"http:\/\/de.wikipedia.org\/wiki\/Jossa\">Jossa<\/a> und <a title=\"Schl\u00fcchtern\" href=\"http:\/\/de.wikipedia.org\/wiki\/Schl%C3%BCchtern\">Schl\u00fcchtern<\/a> werden gr\u00f6\u00dftenteils nach <a title=\"Schweinfurt\" href=\"http:\/\/de.wikipedia.org\/wiki\/Schweinfurt\">Schweinfurt<\/a> und <a title=\"Bamberg\" href=\"http:\/\/de.wikipedia.org\/wiki\/Bamberg\">Bamberg<\/a> weitergef\u00fchrt, die Verst\u00e4rkerz\u00fcge aus <a title=\"Karlstadt\" href=\"http:\/\/de.wikipedia.org\/wiki\/Karlstadt\">Karlstadt (Main)<\/a> verkehren meist weiter Richtung <a title=\"Ansbach\" href=\"http:\/\/de.wikipedia.org\/wiki\/Ansbach\">Ansbach<\/a>. RegionalExpress- und RegionalBahn-Z\u00fcge erg\u00e4nzen sich bei Parallelverkehren meist zu einem ann\u00e4hernd halbst\u00fcndlichen bzw. st\u00fcndlichen Angebot.<\/p>\n<table border=\"2\" cellspacing=\"0\" cellpadding=\"4\">\n<tbody>\n<tr bgcolor=\"#bdb76b\">\n<th>Zuggattung<\/th>\n<th>Streckenverlauf<\/th>\n<th>Fahrplanangebot<\/th>\n<\/tr>\n<tr bgcolor=\"#f5f5f5\">\n<td><strong>RE<\/strong><\/td>\n<td><em>\u201e<a title=\"Franken-Express\" href=\"http:\/\/de.wikipedia.org\/wiki\/Franken-Express\">Franken-Express<\/a>\u201c<\/em><br \/>\nW\u00fcrzburg \u2013 Kitzingen \u2013 Neustadt (Aisch) \u2013 F\u00fcrth \u2013 N\u00fcrnberg<\/td>\n<td>60-Minuten-Takt<\/td>\n<\/tr>\n<tr bgcolor=\"#e6e6fa\">\n<td><strong>RE<\/strong><\/td>\n<td><em>\u201e<a title=\"Main-Express\" href=\"http:\/\/de.wikipedia.org\/w\/index.php?title=Main-Express&amp;action=edit\">Main-Express<\/a>\u201c<\/em><br \/>\nW\u00fcrzburg \u2013 Gem\u00fcnden (Main) \u2013 Aschaffenburg \u2013 Hanau \u2013 Frankfurt (Main)<\/td>\n<td>60-Minuten-Takt<\/td>\n<\/tr>\n<tr bgcolor=\"#f5f5f5\">\n<td><strong>RE<\/strong><\/td>\n<td>W\u00fcrzburg \u2013 Lauda \u2013 Osterburken \u2013 Heilbronn \u2013 Stuttgart<\/td>\n<td>120-Minuten-Takt<br \/>\n<a title=\"Verkehrszeiten\" href=\"http:\/\/de.wikipedia.org\/wiki\/Verkehrszeiten\">HVZ<\/a> 60-Minuten-Takt<\/td>\n<\/tr>\n<tr bgcolor=\"#e6e6fa\">\n<td><strong>RE<\/strong><\/td>\n<td><em>\u201e<a title=\"Mainfranken-Th\u00fcringen-Express\" href=\"http:\/\/de.wikipedia.org\/wiki\/Mainfranken-Th%C3%BCringen-Express\">Mainfranken-Th\u00fcringen-Express<\/a>\u201c<\/em><br \/>\nW\u00fcrzburg \u2013 Schweinfurt \u2013 Bad Kissingen \/ Bad Neustadt (Saale) \u2013 Suhl \u2013 Erfurt<\/td>\n<td>120-Minuten-Takt<\/td>\n<\/tr>\n<tr bgcolor=\"#f5f5f5\">\n<td><strong>RE<\/strong><\/td>\n<td>W\u00fcrzburg \u2013 Schweinfurt \u2013 Bamberg \u2013 Lichtenfels \u2013 Hof \/ Bayreuth<\/td>\n<td>120-Minuten-Takt<\/td>\n<\/tr>\n<tr bgcolor=\"#e6e6fa\">\n<td><strong>RB<\/strong><\/td>\n<td>(Schl\u00fcchtern \u2013) Jossa \u2013 Gem\u00fcnden (Main) \u2013 W\u00fcrzburg \u2013 Schweinfurt (\u2013 Bamberg)<\/td>\n<td>Schl\u00fcchtern \u2013 Jossa: 120-Minuten-Takt<br \/>\nJossa \u2013 Schweinfurt: 60-Minzten-Takt<br \/>\nSchweinfurt \u2013 Bamberg: 120-Minuten-Takt<\/td>\n<\/tr>\n<tr bgcolor=\"#f5f5f5\">\n<td><strong>RB<\/strong><\/td>\n<td>(Karlstadt (Main) \u2013) W\u00fcrzburg \u2013 Ochsenfurt \u2013 Steinach \u2013 Ansbach \u2013 Gunzenhausen \u2013 Treuchtlingen<\/td>\n<td>60-Minuten-Takt<br \/>\n<a title=\"Verkehrszeiten\" href=\"http:\/\/de.wikipedia.org\/wiki\/Verkehrszeiten\">HVZ<\/a> 60-Minuten-Takt bis Karlstadt<br \/>\n<a title=\"Verkehrszeiten\" href=\"http:\/\/de.wikipedia.org\/wiki\/Verkehrszeiten\">HVZ<\/a> 30-Minuten-Takt bis Ansbach<\/td>\n<\/tr>\n<tr bgcolor=\"#e6e6fa\">\n<td><strong>RB<\/strong><\/td>\n<td>W\u00fcrzburg \u2013 Kitzingen<\/td>\n<td>60-Minuten-Takt<br \/>\n(<a title=\"Verkehrszeiten\" href=\"http:\/\/de.wikipedia.org\/wiki\/Verkehrszeiten\">Hauptverkehrszeit<\/a>)<\/td>\n<\/tr>\n<tr bgcolor=\"#f5f5f5\">\n<td><strong>RB<\/strong><\/td>\n<td>W\u00fcrzburg \u2013 Lauda \u2013 Bad Mergentheim \u2013 Weikersheim \u2013 Crailsheim<\/td>\n<td>120-Minuten-Takt<br \/>\n<a title=\"Verkehrszeiten\" href=\"http:\/\/de.wikipedia.org\/wiki\/Verkehrszeiten\">HVZ<\/a> 60-Minuten-Takt bis Lauda<\/td>\n<\/tr>\n<\/tbody>\n<\/table>\n<p>{mospagebreak}<a title=\"Fahrzeuge_3\" name=\"Fahrzeuge_3\"><\/a><\/p>\n<h3>Fahrzeuge [<a title=\"Abschnitt bearbeiten: Fahrzeuge\" href=\"http:\/\/de.wikipedia.org\/w\/index.php?title=Nahverkehr_in_W%C3%BCrzburg&amp;action=edit&amp;section=32\">Bearbeiten<\/a>]<\/h3>\n<p style=\"text-align: justify;\">Auf den Eisenbahnstrecken rund um W\u00fcrzburg kommt gr\u00f6\u00dftenteils noch Fahrzeugmaterial \u00e4lteren Baujahres zum Einsatz. Ausnahmen bilden die RE-Linien nach <a title=\"Bad Kissingen\" href=\"http:\/\/de.wikipedia.org\/wiki\/Bad_Kissingen\">Bad Kissingen<\/a> \/ <a title=\"Erfurt\" href=\"http:\/\/de.wikipedia.org\/wiki\/Erfurt\">Erfurt<\/a> und <a title=\"Hof (Saale)\" href=\"http:\/\/de.wikipedia.org\/wiki\/Hof_%28Saale%29\">Hof<\/a> \/ <a title=\"Bayreuth\" href=\"http:\/\/de.wikipedia.org\/wiki\/Bayreuth\">Bayreuth<\/a>, wo moderne Neigezugtriebwagen der <a title=\"Baureihe 612\" href=\"http:\/\/de.wikipedia.org\/wiki\/Baureihe_612\">Baureihe 612<\/a> in Dreifachtraktion verkehren, au\u00dferdem werden auf der RE-Linie W\u00fcrzburg \u2013 N\u00fcrnberg seit Ende der neunziger Jahre zu sogenannten Modus-Wagen umgebaute ehemalige Reichsbahnwagen eingesetzt. Ansonsten sind auf den meisten Strecken konventionelle Nahverkehrs-<a title=\"Wendezug\" href=\"http:\/\/de.wikipedia.org\/wiki\/Wendezug\">Wendez\u00fcge<\/a> anzutreffen, die \u00fcblicherweise aus ehemaligen \u201e<a title=\"Silberling\" href=\"http:\/\/de.wikipedia.org\/wiki\/Silberling\">Silberlingen<\/a>\u201c gebildet und von Lokomotiven der <a title=\"DB Baureihe 111\" href=\"http:\/\/de.wikipedia.org\/wiki\/DB_Baureihe_111\">Baureihen 111<\/a>, <a title=\"DR Baureihe 243\" href=\"http:\/\/de.wikipedia.org\/wiki\/DR_Baureihe_243\">112<\/a>, <a title=\"DR Baureihe 243\" href=\"http:\/\/de.wikipedia.org\/wiki\/DR_Baureihe_243\">143<\/a> und <a title=\"Bombardier TRAXX\" href=\"http:\/\/de.wikipedia.org\/wiki\/Bombardier_TRAXX\">146.2<\/a> bespannt werden. Auf der von der WestFrankenBahn bedienten RB-Linie W\u00fcrzburg \u2013 <a title=\"Crailsheim\" href=\"http:\/\/de.wikipedia.org\/wiki\/Crailsheim\">Crailsheim<\/a> werden planm\u00e4\u00dfig Dieseltriebwagen der <a title=\"DB Baureihe 628\" href=\"http:\/\/de.wikipedia.org\/wiki\/DB_Baureihe_628\">Baureihen 628<\/a> und <a title=\"DBAG Baureihe 642\" href=\"http:\/\/de.wikipedia.org\/wiki\/DBAG_Baureihe_642\">642<\/a> eingesetzt.{mospagebreak}<\/p>\n<p><a title=\"K.C3.BCnftige_Entwicklung_2\" name=\"K.C3.BCnftige_Entwicklung_2\"><\/a><\/p>\n<h3>K\u00fcnftige Entwicklung [<a title=\"Abschnitt bearbeiten: K\u00fcnftige Entwicklung\" href=\"http:\/\/de.wikipedia.org\/w\/index.php?title=Nahverkehr_in_W%C3%BCrzburg&amp;action=edit&amp;section=33\">Bearbeiten<\/a>]<\/h3>\n<p><a title=\"Aufbau_eines_S-Bahn-.C3.A4hnlichen_Verkehrs\" name=\"Aufbau_eines_S-Bahn-.C3.A4hnlichen_Verkehrs\"><\/a><\/p>\n<h4>Aufbau eines S-Bahn-\u00e4hnlichen Verkehrs [<a title=\"Abschnitt bearbeiten: Aufbau eines S-Bahn-\u00e4hnlichen Verkehrs\" href=\"http:\/\/de.wikipedia.org\/w\/index.php?title=Nahverkehr_in_W%C3%BCrzburg&amp;action=edit&amp;section=34\">Bearbeiten<\/a>]<\/h4>\n<p style=\"text-align: justify;\">Der <a title=\"Verkehrsclub Deutschland\" href=\"http:\/\/de.wikipedia.org\/wiki\/Verkehrsclub_Deutschland\">Verkehrsclub Deutschland<\/a>, der Arbeitskreis \u00d6PNV der <a title=\"Agenda 21\" href=\"http:\/\/de.wikipedia.org\/wiki\/Agenda_21\">Agenda 21<\/a> fordern seit langem eine Weiterentwicklung des Eisenbahnnetzes im Gro\u00dfraum W\u00fcrzburg, da der jetzige Verkehr kein attraktives Angebot sei, da die Siedlungsgebiete nur teilweise erschlossen w\u00fcrden und nahezu alle Bahnh\u00f6fe und Haltepunkte im Einzugsgebiet modernisierungsbed\u00fcrftig seien. Die Optimierung des RegionalBahn-Verkehrs k\u00f6nnte gleichzeitig die Vorstufe eine S-Bahn-\u00e4hnlichen Taktverkehrs oder \u2013 in einer weiteren Stufe \u2013 einer Regionalstadtbahn sein. Durch zahlreiche neue Haltestellen (W\u00fcrzburg-Heidingsfeld, W\u00fcrzburg-N\u00fcrnberger Stra\u00dfe, Reichenberg, Moos, Opferbaum etc.) und dichtere Taktfolgen k\u00f6nnte das Angebot attraktiver gestaltet werden. Durch den Einsatz spurtst\u00e4rkerer Fahrzeuge w\u00fcrde sich die Fahrtzeit trotz der Bedienung zus\u00e4tzlicher Haltepunkte nicht verl\u00e4ngern. In den letzten Jahren wurden bereits die Stationen Kirchheim an der <a title=\"Frankenbahn\" href=\"http:\/\/de.wikipedia.org\/wiki\/Frankenbahn\">Frankenbahn<\/a> und Wernfeld an der <a title=\"Main-Spessart-Bahn\" href=\"http:\/\/de.wikipedia.org\/wiki\/Main-Spessart-Bahn\">Main-Spessart-Bahn<\/a> n\u00e4her an die Ortszentren verschoben, der Bahnhof Veitsh\u00f6chheim wurde modernisiert, eine Reaktivierung der Bahnstation in Reichenberg ist f\u00fcr Ende 2007 vorgesehen. Die oben genannten Initiativen begr\u00fc\u00dfen diese Ans\u00e4tze, sehen jedoch noch weiteren Handlungsbedarf.{mospagebreak}<\/p>\n<p><a title=\"Ausschreibung_des_Nahverkehrs\" name=\"Ausschreibung_des_Nahverkehrs\"><\/a><\/p>\n<h4>Ausschreibung des Nahverkehrs [<a title=\"Abschnitt bearbeiten: Ausschreibung des Nahverkehrs\" href=\"http:\/\/de.wikipedia.org\/w\/index.php?title=Nahverkehr_in_W%C3%BCrzburg&amp;action=edit&amp;section=35\">Bearbeiten<\/a>]<\/h4>\n<p style=\"text-align: justify;\">Am <a title=\"7. Juni\" href=\"http:\/\/de.wikipedia.org\/wiki\/7._Juni\">7. Juni<\/a> <a title=\"2006\" href=\"http:\/\/de.wikipedia.org\/wiki\/2006\">2006<\/a> wurde von der <a title=\"Bayerische Eisenbahngesellschaft\" href=\"http:\/\/de.wikipedia.org\/wiki\/Bayerische_Eisenbahngesellschaft\">Bayerischen Eisenbahngesellschaft<\/a> (BEG) die Ausschreibung des sogenannten \u201eE-Netzes W\u00fcrzburg\u201c gestartet. Das 5,6 <a title=\"Million\" href=\"http:\/\/de.wikipedia.org\/wiki\/Million\">Millionen<\/a> Zugkilometer (200.000 Zugkilometer im Land <a title=\"Hessen\" href=\"http:\/\/de.wikipedia.org\/wiki\/Hessen\">Hessen<\/a>) umfassende Paket bezieht sich auf alle RB-Linien, ausgenommen dem Streckenast nach Crailsheim, sowie die RE-Linie nach N\u00fcrnberg. Ziel der Ausschreibung ist es, zum einen die Kosten f\u00fcr die Verkehrsdurchf\u00fchrung zu senken, und zum anderen den Fahrg\u00e4sten durch neue Fahrzeuge mehr Komfort zu bieten. Verbesserungen im Fahrplanangebot werden sich vor allem in folgenden Vorgaben \u00e4u\u00dfern:<\/p>\n<ul>\n<li>Durchgehender RE-Stundentakt zwischen W\u00fcrzburg und N\u00fcrnberg (ca. 132.000 Zugkilometer pro Jahr zus\u00e4tzlich)<\/li>\n<li>Zus\u00e4tzliche Z\u00fcge in der Hauptverkehrszeit (ca. 72.500 Zugkilometer pro Jahr zus\u00e4tzlich)<\/li>\n<li>Schlie\u00dfung von Taktl\u00fccken am Abend und am Wochenende (ca. 96.800 Zugkilometer pro Jahr zus\u00e4tzlich)<\/li>\n<\/ul>\n<p>Die Betriebsaufnahme erfolgt stufenweise, im <a title=\"Dezember\" href=\"http:\/\/de.wikipedia.org\/wiki\/Dezember\">Dezember<\/a> <a title=\"2009\" href=\"http:\/\/de.wikipedia.org\/wiki\/2009\">2009<\/a> auf der Strecke W\u00fcrzburg \u2013 N\u00fcrnberg, auf den \u00fcbrigen Strecken im <a title=\"Dezember\" href=\"http:\/\/de.wikipedia.org\/wiki\/Dezember\">Dezember<\/a> <a title=\"2010\" href=\"http:\/\/de.wikipedia.org\/wiki\/2010\">2010<\/a>. <sup><a href=\"http:\/\/de.wikipedia.org\/wiki\/Nahverkehr_in_W%C3%BCrzburg#_note-7\">[8]<\/a><\/sup><\/p>\n<p>{mospagebreak}<a title=\"Einbindung_der_Mainschleifenbahn\" name=\"Einbindung_der_Mainschleifenbahn\"><\/a><\/p>\n<h4>Einbindung der Mainschleifenbahn [<a title=\"Abschnitt bearbeiten: Einbindung der Mainschleifenbahn\" href=\"http:\/\/de.wikipedia.org\/w\/index.php?title=Nahverkehr_in_W%C3%BCrzburg&amp;action=edit&amp;section=36\">Bearbeiten<\/a>]<\/h4>\n<p style=\"text-align: justify;\">Des Weiteren ist zu erw\u00e4hnen, dass sich die Interessengemeinschaft <a title=\"Mainschleifenbahn\" href=\"http:\/\/de.wikipedia.org\/wiki\/Mainschleifenbahn\">Mainschleifenbahn<\/a> (IG MSB) seit Jahren um eine Durchbindung ihrer Z\u00fcge von <a title=\"Volkach\" href=\"http:\/\/de.wikipedia.org\/wiki\/Volkach\">Volkach<\/a>-Astheim \u00fcber den bisherigen Endpunkt <a title=\"Prosselsheim\" href=\"http:\/\/de.wikipedia.org\/wiki\/Prosselsheim\">Seligenstadt<\/a> (bei W\u00fcrzburg) hinaus bis zum W\u00fcrzburger Hauptbahnhof bem\u00fcht. Noch fehlt hierzu aber die n\u00f6tige Verbindungsweiche im Bahnhof Seligenstadt (bei W\u00fcrzburg), die vor einigen Jahren von der DB Netz AG ausgebaut worden ist. Dennoch sind die Mainschleifenbahner optimistisch, in den n\u00e4chsten Jahren durchgehende Z\u00fcge fahren zu k\u00f6nnen. Vom Verkehrsclub Deutschland (VCD) hingegen wird vorgeschlagen, die Mainschleifenbahn als Regionalstadtbahnlinie in das Netz der W\u00fcrzburger Stra\u00dfenbahn einzubinden. <sup><a href=\"http:\/\/de.wikipedia.org\/wiki\/Nahverkehr_in_W%C3%BCrzburg#_note-8\">[9]<\/a><\/sup><\/p>\n<p>{mospagebreak}<a title=\"Weiterf.C3.BChrende_Informationen\" name=\"Weiterf.C3.BChrende_Informationen\"><\/a><\/p>\n<h2>Weiterf\u00fchrende Informationen [<a title=\"Abschnitt bearbeiten: Weiterf\u00fchrende Informationen\" href=\"http:\/\/de.wikipedia.org\/w\/index.php?title=Nahverkehr_in_W%C3%BCrzburg&amp;action=edit&amp;section=37\">Bearbeiten<\/a>]<\/h2>\n<ul>\n<li><a title=\"Liste der St\u00e4dte mit Stra\u00dfenbahnen\" href=\"http:\/\/de.wikipedia.org\/wiki\/Liste_der_St%C3%A4dte_mit_Stra%C3%9Fenbahnen#Deutschland\">Liste der St\u00e4dte mit Stra\u00dfenbahnen in Deutschland<\/a><\/li>\n<\/ul>\n<p><a title=\"Quellenangaben\" name=\"Quellenangaben\"><\/a><\/p>\n<h3>Quellenangaben [<a title=\"Abschnitt bearbeiten: Quellenangaben\" href=\"http:\/\/de.wikipedia.org\/w\/index.php?title=Nahverkehr_in_W%C3%BCrzburg&amp;action=edit&amp;section=38\">Bearbeiten<\/a>]<\/h3>\n<ol>\n<li><strong><a href=\"http:\/\/de.wikipedia.org\/wiki\/Nahverkehr_in_W%C3%BCrzburg#_ref-0\">?<\/a><\/strong> <a title=\"http:\/\/www.wvv.de\/wsb\/gesellschaft\/fakten\/index.html\" href=\"http:\/\/www.wvv.de\/wsb\/gesellschaft\/fakten\/index.html\">Zahlen und Daten der W\u00fcrzburger Stra\u00dfenbahn GmbH<\/a><\/li>\n<li><strong><a href=\"http:\/\/de.wikipedia.org\/wiki\/Nahverkehr_in_W%C3%BCrzburg#_ref-1\">?<\/a><\/strong> <a title=\"http:\/\/www.nahverkehr-franken.de\/strassenbahn\/wagen_wsb.html\" href=\"http:\/\/www.nahverkehr-franken.de\/strassenbahn\/wagen_wsb.html\">Fahrzeugliste der W\u00fcrzburger Stra\u00dfenbahn auf www.nahverkehr-franken.de<\/a><\/li>\n<li><strong><a href=\"http:\/\/de.wikipedia.org\/wiki\/Nahverkehr_in_W%C3%BCrzburg#_ref-2\">?<\/a><\/strong> Zeitungsartikel (<a title=\"Main-Post\" href=\"http:\/\/de.wikipedia.org\/wiki\/Main-Post\">Main-Post<\/a>, 6. Oktober 2006): \u201eSPD will gleich vier neue Straba-Linien\u201c<\/li>\n<li><strong><a href=\"http:\/\/de.wikipedia.org\/wiki\/Nahverkehr_in_W%C3%BCrzburg#_ref-3\">?<\/a><\/strong> <a title=\"http:\/\/www.vcd.org\/vorort\/mainfranken-rhoen\/themen\/mainfranken-bahn\/\" href=\"http:\/\/www.vcd.org\/vorort\/mainfranken-rhoen\/themen\/mainfranken-bahn\/\">Stellungnahme des Verkehrsclubs Deutschland zur Mainfrankenbahn<\/a><\/li>\n<li><strong><a href=\"http:\/\/de.wikipedia.org\/wiki\/Nahverkehr_in_W%C3%BCrzburg#_ref-4\">?<\/a><\/strong> <a title=\"http:\/\/www.vcd-bayern.de\/daten\/vortr2003-lmv\/sld032.htm\" href=\"http:\/\/www.vcd-bayern.de\/daten\/vortr2003-lmv\/sld032.htm\">Vorschlag des Verkehrsclubs Deutschland f\u00fcr ein Regionalstadtbahnnetz in der Region W\u00fcrzburg<\/a><\/li>\n<li><strong><a href=\"http:\/\/de.wikipedia.org\/wiki\/Nahverkehr_in_W%C3%BCrzburg#_ref-5\">?<\/a><\/strong> <a title=\"http:\/\/www.landkreis-wuerzburg.de\/media\/custom\/277_2220_1.PDF?loadDocument&amp;ObjSvrID=277&amp;ObjID=2220&amp;ObjLa=1&amp;Ext=PDF\" href=\"http:\/\/www.landkreis-wuerzburg.de\/media\/custom\/277_2220_1.PDF?loadDocument&amp;ObjSvrID=277&amp;ObjID=2220&amp;ObjLa=1&amp;Ext=PDF\">Bericht \u00fcber die Mainfrankenbahn vom Arbeitskreis \u00d6ffentlicher Personennahverkehr der Agenda 21<\/a><\/li>\n<li><strong><a href=\"http:\/\/de.wikipedia.org\/wiki\/Nahverkehr_in_W%C3%BCrzburg#_ref-6\">?<\/a><\/strong> Zeitungsartikel (<a title=\"Main-Post\" href=\"http:\/\/de.wikipedia.org\/wiki\/Main-Post\">Main-Post<\/a>, 11. November 2005): \u201eVertaktung au\u00dfer Takt geraten\u201c<\/li>\n<li><strong><a href=\"http:\/\/de.wikipedia.org\/wiki\/Nahverkehr_in_W%C3%BCrzburg#_ref-7\">?<\/a><\/strong> <a title=\"http:\/\/www.bayern-takt.de\/dl\/Presseinformation_StMWIVT_(Unterfranken)_08062006.pdf\" href=\"http:\/\/www.bayern-takt.de\/dl\/Presseinformation_StMWIVT_%28Unterfranken%29_08062006.pdf\">Pressemeldung des bayerischen Verkehrsministeriums \u201eStartschuss f\u00fcr Wettbewerbsprojekt in Unterfranken\u201c<\/a><\/li>\n<li><strong><a href=\"http:\/\/de.wikipedia.org\/wiki\/Nahverkehr_in_W%C3%BCrzburg#_ref-8\">?<\/a><\/strong> <a title=\"http:\/\/www.vcd-bayern.de\/presse\/pm200415.html\" href=\"http:\/\/www.vcd-bayern.de\/presse\/pm200415.html\">Pressemeldung des Verkehrkehrsclubs Deutschland \u201eAusbau der Mainschleifenbahn als Stadtbahn sinnvoll\u201c<\/a><\/li>\n<\/ol>\n<p><a title=\"Literatur\" name=\"Literatur\"><\/a><\/p>\n<h3>Literatur [<a title=\"Abschnitt bearbeiten: Literatur\" href=\"http:\/\/de.wikipedia.org\/w\/index.php?title=Nahverkehr_in_W%C3%BCrzburg&amp;action=edit&amp;section=39\">Bearbeiten<\/a>]<\/h3>\n<ul>\n<li style=\"text-align: justify;\">Martin Pabst: <em>Niederflur in W\u00fcrzburg \u2013 Neue Wagen und Ver\u00e4nderungen im Streckennetz<\/em>, in \u201eStra\u00dfenbahn Magazin\u201c (Heft 4\/1997), GeraMond<\/li>\n<li style=\"text-align: justify;\">Wolfgang Klee: <em>Wohin will W\u00fcrzburg? \u2013 Stra\u00dfenbahn-Perspektiven in Unterfranken<\/em>, in \u201eStra\u00dfenbahn Magazin\u201c (Heft 6\/1999), GeraMond<\/li>\n<li style=\"text-align: justify;\">Stefan Vockrodt: <em>Baukl\u00f6tzchen mit Charakter \u2013 Direktor-X-Wagen fahren gleich zweimal in W\u00fcrzburg<\/em>, in \u201eStra\u00dfenbahn Magazin\u201c (Heft 4\/2005), GeraMond<\/li>\n<\/ul>\n<p><a title=\"Weblinks\" name=\"Weblinks\"><\/a><\/p>\n<h3>Weblinks [<a title=\"Abschnitt bearbeiten: Weblinks\" href=\"http:\/\/de.wikipedia.org\/w\/index.php?title=Nahverkehr_in_W%C3%BCrzburg&amp;action=edit&amp;section=40\">Bearbeiten<\/a>]<\/h3>\n<ul>\n<li><a title=\"http:\/\/www.vvm-info.de\" href=\"http:\/\/www.vvm-info.de\/\">http:\/\/www.vvm-info.de<\/a> \u2013 Verkehrsverbund Mainfranken<\/li>\n<li><a title=\"http:\/\/www.wvv.de\/wsb\" href=\"http:\/\/www.wvv.de\/wsb\">http:\/\/www.wvv.de\/wsb<\/a> \u2013 W\u00fcrzburger Stra\u00dfenbahn GmbH<\/li>\n<li><a title=\"http:\/\/www.nvg-omnibus.de\" href=\"http:\/\/www.nvg-omnibus.de\/\">http:\/\/www.nvg-omnibus.de<\/a> \u2013 Omnibus-Betriebsgesellschaft mbH<\/li>\n<li><a title=\"http:\/\/www.ovf.de\" href=\"http:\/\/www.ovf.de\/\">http:\/\/www.ovf.de<\/a> \u2013 Omnibusverkehr Franken GmbH<\/li>\n<li><a title=\"http:\/\/www.bahn.de\" href=\"http:\/\/www.bahn.de\/\">http:\/\/www.bahn.de<\/a> \u2013 Deutsche Bahn AG<\/li>\n<li><a title=\"http:\/\/www.iws-ev.de\" href=\"\/\">http:\/\/www.iws-ev.de<\/a> \u2013 Interessengemeinschaft W\u00fcrzburger Stra\u00dfenbahn<\/li>\n<li><a title=\"http:\/\/www.mainschleifenbahn.de\" href=\"http:\/\/www.mainschleifenbahn.de\/\">http:\/\/www.mainschleifenbahn.de<\/a> \u2013 Interessengemeinschaft Mainschleifenbahn<\/li>\n<li><a title=\"http:\/\/www.nahverkehr-franken.de\" href=\"http:\/\/www.nahverkehr-franken.de\/\">http:\/\/www.nahverkehr-franken.de<\/a> \u2013 Private Website \u00fcber den Schienenverkehr in Franken<\/li>\n<li><a title=\"http:\/\/home.arcor.de\/christoph_rose\/wuerzburg\/strassenbahn.htm\" href=\"http:\/\/home.arcor.de\/christoph_rose\/wuerzburg\/strassenbahn.htm\">Private Website mit Bildern und Informationen \u00fcber die Stra\u00dfenbahn in W\u00fcrzburg<\/a><\/li>\n<\/ul>\n<div id=\"NavFrame1\"><a href=\"javascript:toggleNavigationBar(1);\">Einklappen<\/a><\/div>\n<div><a title=\"Wappen der Stadt W\u00fcrzburg\" href=\"http:\/\/de.wikipedia.org\/wiki\/Bild:Wappen_von_Wuerzburg.svg\"><img loading=\"lazy\" src=\"http:\/\/upload.wikimedia.org\/wikipedia\/commons\/thumb\/3\/39\/Wappen_von_Wuerzburg.svg\/50px-Wappen_von_Wuerzburg.svg.png\" border=\"0\" alt=\"Wappen der Stadt W\u00fcrzburg\" width=\"50\" height=\"55\" \/><\/a><\/div>\n<div><strong>Nahverkehr in W\u00fcrzburg<\/strong> \u2013 <a title=\"Verkehrsverbund Mainfranken\" href=\"http:\/\/de.wikipedia.org\/wiki\/Verkehrsverbund_Mainfranken\">Verkehrsverbund Mainfranken<\/a><\/div>\n<div>\n<p><strong>Verkehrstr\u00e4ger:<\/strong> <a title=\"W\u00fcrzburger Stra\u00dfenbahn GmbH\" href=\"http:\/\/de.wikipedia.org\/wiki\/W%C3%BCrzburger_Stra%C3%9Fenbahn_GmbH\">W\u00fcrzburger Stra\u00dfenbahn GmbH<\/a>? | <a title=\"Omnibusverkehr Franken GmbH\" href=\"http:\/\/de.wikipedia.org\/wiki\/Omnibusverkehr_Franken_GmbH\">Omnibusverkehr Franken GmbH<\/a>? | <a title=\"Regional Bus Stuttgart\" href=\"http:\/\/de.wikipedia.org\/wiki\/Regional_Bus_Stuttgart\">Regional Bus Stuttgart GmbH<\/a>? | <a title=\"DB Regio Unterfranken\" href=\"http:\/\/de.wikipedia.org\/wiki\/DB_Regio_Unterfranken\">DB Regio Unterfranken<\/a><\/p>\n<p><strong>Sonstiges:<\/strong> <a title=\"W\u00fcrzburg Hauptbahnhof\" href=\"http:\/\/de.wikipedia.org\/wiki\/W%C3%BCrzburg_Hauptbahnhof\">W\u00fcrzburg Hauptbahnhof<\/a>? | <a title=\"W\u00fcrzburg Busbahnhof\" href=\"http:\/\/de.wikipedia.org\/wiki\/W%C3%BCrzburg_Busbahnhof\">W\u00fcrzburg Busbahnhof<\/a><\/p>\n<\/div>\n<div>?<\/div>\n<p><!--  Pre-expand include size: 5214 bytes Post-expand include size: 2125 bytes Template argument size: 494 bytes Maximum: 2048000 bytes --><!-- Saved in parser cache with key dewiki:pcache:idhash:929330-0!1!0!!de!2 and timestamp 20070206082326 --><\/p>\n<div>Von \u201e<a href=\"http:\/\/de.wikipedia.org\/wiki\/Nahverkehr_in_W%C3%BCrzburg\">http:\/\/de.wikipedia.org\/wiki\/Nahverkehr_in_W%C3%BCrzburg<\/a>\u201c<\/div>\n<div id=\"catlinks\">\n<p><a title=\"Spezial:Categories\" href=\"http:\/\/de.wikipedia.org\/wiki\/Spezial:Categories\">Kategorien<\/a>: <a title=\"Kategorie:Verkehr (Bayern)\" href=\"http:\/\/de.wikipedia.org\/wiki\/Kategorie:Verkehr_%28Bayern%29\">Verkehr (Bayern)<\/a> | <a title=\"Kategorie:Verkehr (W\u00fcrzburg)\" href=\"http:\/\/de.wikipedia.org\/wiki\/Kategorie:Verkehr_%28W%C3%BCrzburg%29\">Verkehr (W\u00fcrzburg)<\/a><\/p>\n<\/div>\n","protected":false},"excerpt":{"rendered":"<p>Nahverkehr in W\u00fcrzburg<br \/>\naus Wikipedia, der freien Enzyklop\u00e4die<\/p>\n<p>Nahverkehr in W\u00fcrzburg<\/p>\n<p>Allgemeine Informationen<\/p>\n<p>Verkehrsverbund<br \/>\nVerkehrsverbund Mainfranken (VVM)<\/p>\n<p>Einwohner im Verkehrsverbund<br \/>\n288.700 (Stand: Juni 2005)<\/p>\n<p>Fl\u00e4che des Verkehrsverbundes<br \/>\n1.055 km\u00b2<\/p>\n<p>Stra\u00dfenbahnverkehr<\/p>\n<p>Anzahl der Linien<br \/>\n5<\/p>\n<p>Nutzwagenkilometer<br \/>\n1.604.000 km<\/p>\n<p>Bef\u00f6rderte Personen<br \/>\n23.174.000<\/p>\n<p>Anzahl der Fahrzeuge<br \/>\n41<\/p>\n<p>Omnibusverkehr<\/p>\n<p>Anzahl der Linien<br \/>\n27 Stadtbuslinien<br \/>\n25 Regionalbuslinien<\/p>\n<p>Nutzwagenkilometer<br \/>\n4.899.000 km (Stadtbus)<\/p>\n<p>Bef\u00f6rderte Personen<br \/>\n18.559.000 (Stadtbus)<\/p>\n<p>Eisenbahnverkehr<\/p>\n<p>Anzahl der Linien<br \/>\n5 RegionalExpress-Linien<br \/>\n4 RegionalBahn-Linien<\/p>\n<p>Alle Zahlen beziehen  &hellip; <a href=\"http:\/\/iws-ev.de\/iws\/2010\/11\/03\/nahverkehr\/\">Continue reading <span class=\"meta-nav\">&rarr;<\/span><\/a><\/p>\n","protected":false},"author":1,"featured_media":0,"comment_status":"closed","ping_status":"closed","sticky":false,"template":"","format":"standard","meta":[],"categories":[15],"tags":[],"_links":{"self":[{"href":"http:\/\/iws-ev.de\/iws\/wp-json\/wp\/v2\/posts\/70"}],"collection":[{"href":"http:\/\/iws-ev.de\/iws\/wp-json\/wp\/v2\/posts"}],"about":[{"href":"http:\/\/iws-ev.de\/iws\/wp-json\/wp\/v2\/types\/post"}],"author":[{"embeddable":true,"href":"http:\/\/iws-ev.de\/iws\/wp-json\/wp\/v2\/users\/1"}],"replies":[{"embeddable":true,"href":"http:\/\/iws-ev.de\/iws\/wp-json\/wp\/v2\/comments?post=70"}],"version-history":[{"count":3,"href":"http:\/\/iws-ev.de\/iws\/wp-json\/wp\/v2\/posts\/70\/revisions"}],"predecessor-version":[{"id":72,"href":"http:\/\/iws-ev.de\/iws\/wp-json\/wp\/v2\/posts\/70\/revisions\/72"}],"wp:attachment":[{"href":"http:\/\/iws-ev.de\/iws\/wp-json\/wp\/v2\/media?parent=70"}],"wp:term":[{"taxonomy":"category","embeddable":true,"href":"http:\/\/iws-ev.de\/iws\/wp-json\/wp\/v2\/categories?post=70"},{"taxonomy":"post_tag","embeddable":true,"href":"http:\/\/iws-ev.de\/iws\/wp-json\/wp\/v2\/tags?post=70"}],"curies":[{"name":"wp","href":"https:\/\/api.w.org\/{rel}","templated":true}]}}