{"id":50,"date":"2010-11-03T09:45:43","date_gmt":"2010-11-03T09:45:43","guid":{"rendered":"http:\/\/iws-ev.de\/iws\/?p=50"},"modified":"2010-11-09T08:18:35","modified_gmt":"2010-11-09T08:18:35","slug":"unsere-ziele","status":"publish","type":"post","link":"http:\/\/iws-ev.de\/iws\/2010\/11\/03\/unsere-ziele\/","title":{"rendered":"Unsere Ziele"},"content":{"rendered":"<h3>Unsere Ziele<\/h3>\n<p>Wir treten f\u00fcr<\/p>\n<ul>\n<li style=\"text-align: justify;\">ein menschen- und umweltvertr\u00e4gliches Verkehrsangebot im Nahverkehr ein. Das bedeutet die Reduzierung des Individualverkehrs mit Verbrennungsantrieb (z. B. PKW) auf das unbedingt erforderliche Ma\u00df und eine Ausweitung des \u00d6PNV, insbesondere mit den elektrisch betriebenen Nahverkehrsmitteln Stra\u00dfenbahn und Eisenbahn. Der Omnibus ist \u00fcberall dort einzusetzen wo Schienenverkehrsmittel aufgrund der Verkehrsnachfrage oder der geographischen Gegebenheiten nicht sinnvoll eingesetzt werden k\u00f6nnen.<\/li>\n<li style=\"text-align: justify;\">die Sicherheit und Gesundheit der Teilnehmer am \u00f6ffentlichen Nahverkehr, unter besonderer Ber\u00fccksichtigung von Kindern, \u00e4lteren Menschen und Behinderten.<\/li>\n<li>die sparsame Verwendung von Energie, Naturraum und Rohstoffen.<\/li>\n<li>die Verminderung von Umweltbelastungen durch Schadstoffe, L\u00e4rm und Schmutz<\/li>\n<li>den Vorrang der umweltvertr\u00e4glichen \u00f6ffentlichen Verkehrsmittel<\/li>\n<li>eine fu\u00dfg\u00e4nger- und radfahrerfreundliche Verkehrspolitik und -planung<\/li>\n<li style=\"text-align: justify;\">den Schutz von Menschen, Natur und Geb\u00e4uden vor sch\u00e4dlichen Verkehrsauswirkungen<\/li>\n<\/ul>\n<h3>Was tun wir zur Erreichung unserer Ziele:<\/h3>\n<ul>\n<li style=\"text-align: justify;\">Beobachtung und Analyse der Verkehrspolitik und der Verkehrsgegebenheiten.<\/li>\n<li style=\"text-align: justify;\">Erforschen der M\u00f6glichkeiten und Entwicklung realistischer Vorschl\u00e4ge f\u00fcr zukunftsorientierte und fahrgastgerechte Verbesserungen im \u00f6ffentlichen Verkehr.<\/li>\n<li style=\"text-align: justify;\">Informations-, Aufkl\u00e4rungs- und Weiterbildungsveranstaltungen f\u00fcr Verkehrsteilnehmer, Planer, Politiker, Mitglieder und befreundete Vereine.<\/li>\n<li style=\"text-align: justify;\">\u00d6ffentlichkeitsarbeit<\/li>\n<\/ul>\n","protected":false},"excerpt":{"rendered":"<p>Unsere Ziele<br \/>\nWir treten f\u00fcr<\/p>\n<p>ein menschen- und umweltvertr\u00e4gliches Verkehrsangebot im Nahverkehr ein. Das bedeutet die Reduzierung des Individualverkehrs mit Verbrennungsantrieb (z. B. PKW) auf das unbedingt erforderliche Ma\u00df und eine Ausweitung des \u00d6PNV, insbesondere mit den elektrisch betriebenen Nahverkehrsmitteln Stra\u00dfenbahn und  &hellip; <a href=\"http:\/\/iws-ev.de\/iws\/2010\/11\/03\/unsere-ziele\/\">Continue reading <span class=\"meta-nav\">&rarr;<\/span><\/a><\/p>\n","protected":false},"author":1,"featured_media":0,"comment_status":"closed","ping_status":"closed","sticky":false,"template":"","format":"standard","meta":[],"categories":[7],"tags":[],"_links":{"self":[{"href":"http:\/\/iws-ev.de\/iws\/wp-json\/wp\/v2\/posts\/50"}],"collection":[{"href":"http:\/\/iws-ev.de\/iws\/wp-json\/wp\/v2\/posts"}],"about":[{"href":"http:\/\/iws-ev.de\/iws\/wp-json\/wp\/v2\/types\/post"}],"author":[{"embeddable":true,"href":"http:\/\/iws-ev.de\/iws\/wp-json\/wp\/v2\/users\/1"}],"replies":[{"embeddable":true,"href":"http:\/\/iws-ev.de\/iws\/wp-json\/wp\/v2\/comments?post=50"}],"version-history":[{"count":4,"href":"http:\/\/iws-ev.de\/iws\/wp-json\/wp\/v2\/posts\/50\/revisions"}],"predecessor-version":[{"id":188,"href":"http:\/\/iws-ev.de\/iws\/wp-json\/wp\/v2\/posts\/50\/revisions\/188"}],"wp:attachment":[{"href":"http:\/\/iws-ev.de\/iws\/wp-json\/wp\/v2\/media?parent=50"}],"wp:term":[{"taxonomy":"category","embeddable":true,"href":"http:\/\/iws-ev.de\/iws\/wp-json\/wp\/v2\/categories?post=50"},{"taxonomy":"post_tag","embeddable":true,"href":"http:\/\/iws-ev.de\/iws\/wp-json\/wp\/v2\/tags?post=50"}],"curies":[{"name":"wp","href":"https:\/\/api.w.org\/{rel}","templated":true}]}}