{"id":361,"date":"2015-11-25T06:04:37","date_gmt":"2015-11-25T06:04:37","guid":{"rendered":"http:\/\/iws-ev.de\/iws\/?p=361"},"modified":"2016-07-31T22:26:00","modified_gmt":"2016-07-31T22:26:00","slug":"monatsversammlung-1-12-2015","status":"publish","type":"post","link":"http:\/\/iws-ev.de\/iws\/2015\/11\/25\/monatsversammlung-1-12-2015\/","title":{"rendered":"Monatsversammlung 1.12.2015"},"content":{"rendered":"<p>Wir laden Sie herzlich zu unserem Jahresabschlu\u00df ein:<\/p>\n<p style=\"text-align: center;\"><strong>Solingen und Wuppertal \u2013 sind Oberleitungsbusse<br \/>\nund Schwebebahnen die L\u00f6sung?<\/strong><\/p>\n<p style=\"text-align: justify;\"><strong><\/strong><br \/>\nist das zentrale Thema unserer Monatsversammlung mit Dr. Konrad Schliephake am<\/p>\n<p style=\"text-align: center;\"><strong>Dienstag, 01.12.2015<\/strong><\/p>\n<p style=\"text-align: center;\"><strong><\/strong><br \/>\n<strong>um 19.30 Uhr in der Gastst\u00e4tte \u201eBlauer Adler\u201c,<br \/>\nStraba-Haltestelle Steinbachtal, Linie 3 und 5,<br \/>\nMergentheimer Stra\u00dfe 17.<\/strong><\/p>\n<p style=\"text-align: justify;\"><strong><\/strong><br \/>\nUnser Referent bereist seit vielen Jahren Nahverkehrsbetriebe in Mitteleuropa und dem Orient. Die (fast) einmaligen Einrichtungen der Wuppertaler Schwebebahn und des Solinger O-Busbetriebes stellen ihn vor die Frage, ob solche Konzepte auch f\u00fcr W\u00fcrzburg brauchbar sein k\u00f6nnten. Beide tauchen in der kommunalpolitischen Diskussion immer wieder einmal auf. Doch die beiden Systeme sind zu pittoresken Singularit\u00e4ten geworden, die sich wohl kaum auf andere St\u00e4dte \u00fcbertragen lassen.<\/p>\n","protected":false},"excerpt":{"rendered":"<p>Wir laden Sie herzlich zu unserem Jahresabschlu\u00df ein:<br \/>\nSolingen und Wuppertal \u2013 sind Oberleitungsbusse<br \/>\nund Schwebebahnen die L\u00f6sung?<\/p>\n<p>ist das zentrale Thema unserer Monatsversammlung mit Dr. Konrad Schliephake am<br \/>\nDienstag, 01.12.2015<\/p>\n<p>um 19.30 Uhr in der Gastst\u00e4tte \u201eBlauer Adler\u201c,<br \/>\nStraba-Haltestelle Steinbachtal, Linie 3 und 5,<br \/>\nMergentheimer Stra\u00dfe  &hellip; <a href=\"http:\/\/iws-ev.de\/iws\/2015\/11\/25\/monatsversammlung-1-12-2015\/\">Continue reading <span class=\"meta-nav\">&rarr;<\/span><\/a><\/p>\n","protected":false},"author":1,"featured_media":0,"comment_status":"closed","ping_status":"closed","sticky":false,"template":"","format":"standard","meta":[],"categories":[16],"tags":[],"_links":{"self":[{"href":"http:\/\/iws-ev.de\/iws\/wp-json\/wp\/v2\/posts\/361"}],"collection":[{"href":"http:\/\/iws-ev.de\/iws\/wp-json\/wp\/v2\/posts"}],"about":[{"href":"http:\/\/iws-ev.de\/iws\/wp-json\/wp\/v2\/types\/post"}],"author":[{"embeddable":true,"href":"http:\/\/iws-ev.de\/iws\/wp-json\/wp\/v2\/users\/1"}],"replies":[{"embeddable":true,"href":"http:\/\/iws-ev.de\/iws\/wp-json\/wp\/v2\/comments?post=361"}],"version-history":[{"count":0,"href":"http:\/\/iws-ev.de\/iws\/wp-json\/wp\/v2\/posts\/361\/revisions"}],"wp:attachment":[{"href":"http:\/\/iws-ev.de\/iws\/wp-json\/wp\/v2\/media?parent=361"}],"wp:term":[{"taxonomy":"category","embeddable":true,"href":"http:\/\/iws-ev.de\/iws\/wp-json\/wp\/v2\/categories?post=361"},{"taxonomy":"post_tag","embeddable":true,"href":"http:\/\/iws-ev.de\/iws\/wp-json\/wp\/v2\/tags?post=361"}],"curies":[{"name":"wp","href":"https:\/\/api.w.org\/{rel}","templated":true}]}}