{"id":1073,"date":"2022-07-10T11:27:47","date_gmt":"2022-07-10T11:27:47","guid":{"rendered":"http:\/\/iws-ev.de\/iws\/?p=1073"},"modified":"2022-07-11T10:05:45","modified_gmt":"2022-07-11T10:05:45","slug":"ostengassenfest-in-regensburg-am-samstag-02-07-2022","status":"publish","type":"post","link":"http:\/\/iws-ev.de\/iws\/2022\/07\/10\/ostengassenfest-in-regensburg-am-samstag-02-07-2022\/","title":{"rendered":"Ostengassenfest in Regensburg am Samstag 02.07.2022"},"content":{"rendered":"\n<p>Am kommenden Samstag findet nach zweij\u00e4hriger Zwangspause, wieder das Regensburger \u201eOSTENGASSENFEST&#8220; statt!<\/p>\n\n\n\n<p>Dies ist jetzt, n\u00fcchtern betrachtet, an sich nix besonderes, denn Feste gibt es immer und \u00fcberall &#8230;&#8230;&#8230;.<\/p>\n\n\n\n<p>Hier jedoch haben wir das Besondere, dass bei diesem Fest ein Beiwagen (Anh\u00e4nger) der ehemaligen Regensburger Stra\u00dfenbahn, auf <strong>Gleisen der W\u00fcrzburger Stra\u00dfenbahn (ca. 700 Meter)<\/strong>, in stetigem Wechsel Hin und Her bewegt wird!<\/p>\n\n\n\n<p>Dies soll die Regensburger Bev\u00f6lkerung daran erinnern, dass bis Juli 1964 auch eine Stra\u00dfenbahn in Regensburg gab.<\/p>\n\n\n\n<p>Dieser alte Beiwagen ist \u00fcbrigens identisch mit dem Beiwagen unseres \u201eSchoppen-Express&#8220; (Fa. Rathgeber, M\u00fcnchen von 1956), welcher mit Hilfe der iws und nat\u00fcrlich der WSB technisch neu aufgearbeitet wurde!<\/p>\n\n\n\n<p>Dieses Ereignis vor Ort, bei unserem Schwesterverein sehen zu k\u00f6nnen, sehe ich als besonderes Erlebnis und werde auch selbst pers\u00f6nlich an diesem Tag in Regensburg sein!<\/p>\n\n\n\n<p>Wer also mitfahren m\u00f6chte (9 \u20acuro-Ticket), als iws-Truppe sozusagen, der m\u00f6chte sich bitte bis sp\u00e4testens bis Donnerstag 30.-6.22 \u2013 15.00 Uhr bei mir melden.<\/p>\n\n\n\n<p>R.Brodziak@LRA-WUE.BAYERN.DE<\/p>\n\n\n\n<p>Es kommt die folgende Abfahrtszeit in Betracht:<\/p>\n\n\n\n<p>Abfahrt W\u00fcrzburg&nbsp;&nbsp;&nbsp;&nbsp;&nbsp;&nbsp; &nbsp;&nbsp;&nbsp;&nbsp;&nbsp;&nbsp;&nbsp;&nbsp;&nbsp;&nbsp;&nbsp; 07.41 Uhr&nbsp;&nbsp;&nbsp;&nbsp;&nbsp;&nbsp;<\/p>\n\n\n\n<p>Ankunft Regensburg&nbsp; &nbsp;&nbsp;&nbsp;&nbsp;&nbsp;&nbsp;&nbsp;&nbsp;&nbsp;&nbsp;&nbsp; 10.38 Uhr<\/p>\n\n\n\n<p>1 x umsteigen<\/p>\n\n\n\n<p><strong>R\u00dcCKFAHRT:<\/strong><\/p>\n\n\n\n<p>Abfahrt Reg.&nbsp;&nbsp;&nbsp;&nbsp;&nbsp;&nbsp;&nbsp;&nbsp;&nbsp;&nbsp;&nbsp;&nbsp;&nbsp;&nbsp;&nbsp;&nbsp;&nbsp;&nbsp;&nbsp;&nbsp;&nbsp;&nbsp;&nbsp;&nbsp;&nbsp;&nbsp; 16.00 Uhr&nbsp;&nbsp;&nbsp;&nbsp;&nbsp;&nbsp; &nbsp;&nbsp;&nbsp;&nbsp;&nbsp;&nbsp;&nbsp;&nbsp;&nbsp;&nbsp;&nbsp; 17.17 Uhr<\/p>\n\n\n\n<p>Ankunft W\u00dc&nbsp;&nbsp;&nbsp;&nbsp;&nbsp;&nbsp;&nbsp;&nbsp;&nbsp;&nbsp;&nbsp;&nbsp;&nbsp;&nbsp;&nbsp;&nbsp;&nbsp;&nbsp;&nbsp;&nbsp;&nbsp;&nbsp;&nbsp;&nbsp;&nbsp;&nbsp;&nbsp; 19.17 Uhr&nbsp;&nbsp;&nbsp;&nbsp;&nbsp;&nbsp; &nbsp;&nbsp;&nbsp;&nbsp;&nbsp;&nbsp;&nbsp;&nbsp;&nbsp;&nbsp;&nbsp; 20.16 Uhr<\/p>\n\n\n\n<p>2 x umsteigen &nbsp;&nbsp;&nbsp;&nbsp;&nbsp;&nbsp;&nbsp;&nbsp;&nbsp;&nbsp;&nbsp; 1 x umsteigen<\/p>\n","protected":false},"excerpt":{"rendered":"<p>Am kommenden Samstag findet nach zweij\u00e4hriger Zwangspause, wieder das Regensburger \u201eOSTENGASSENFEST&#8220; statt!<\/p>\n<p>Dies ist jetzt, n\u00fcchtern betrachtet, an sich nix besonderes, denn Feste gibt es immer und \u00fcberall &#8230;&#8230;&#8230;.<\/p>\n<p>Hier jedoch haben wir das Besondere, dass bei diesem Fest ein Beiwagen (Anh\u00e4nger)  &hellip; <a href=\"http:\/\/iws-ev.de\/iws\/2022\/07\/10\/ostengassenfest-in-regensburg-am-samstag-02-07-2022\/\">Continue reading <span class=\"meta-nav\">&rarr;<\/span><\/a><\/p>\n","protected":false},"author":5,"featured_media":0,"comment_status":"closed","ping_status":"closed","sticky":false,"template":"","format":"standard","meta":[],"categories":[11,13,12],"tags":[],"_links":{"self":[{"href":"http:\/\/iws-ev.de\/iws\/wp-json\/wp\/v2\/posts\/1073"}],"collection":[{"href":"http:\/\/iws-ev.de\/iws\/wp-json\/wp\/v2\/posts"}],"about":[{"href":"http:\/\/iws-ev.de\/iws\/wp-json\/wp\/v2\/types\/post"}],"author":[{"embeddable":true,"href":"http:\/\/iws-ev.de\/iws\/wp-json\/wp\/v2\/users\/5"}],"replies":[{"embeddable":true,"href":"http:\/\/iws-ev.de\/iws\/wp-json\/wp\/v2\/comments?post=1073"}],"version-history":[{"count":3,"href":"http:\/\/iws-ev.de\/iws\/wp-json\/wp\/v2\/posts\/1073\/revisions"}],"predecessor-version":[{"id":1076,"href":"http:\/\/iws-ev.de\/iws\/wp-json\/wp\/v2\/posts\/1073\/revisions\/1076"}],"wp:attachment":[{"href":"http:\/\/iws-ev.de\/iws\/wp-json\/wp\/v2\/media?parent=1073"}],"wp:term":[{"taxonomy":"category","embeddable":true,"href":"http:\/\/iws-ev.de\/iws\/wp-json\/wp\/v2\/categories?post=1073"},{"taxonomy":"post_tag","embeddable":true,"href":"http:\/\/iws-ev.de\/iws\/wp-json\/wp\/v2\/tags?post=1073"}],"curies":[{"name":"wp","href":"https:\/\/api.w.org\/{rel}","templated":true}]}}