{"id":1030,"date":"2022-04-02T08:51:30","date_gmt":"2022-04-02T08:51:30","guid":{"rendered":"http:\/\/iws-ev.de\/iws\/?p=1030"},"modified":"2022-05-18T12:51:31","modified_gmt":"2022-05-18T12:51:31","slug":"aktuelle-projekte-der-wuerzburger-strassenbahn-bernd-karl-wvv-donnerstag-07-04-2022","status":"publish","type":"post","link":"http:\/\/iws-ev.de\/iws\/2022\/04\/02\/aktuelle-projekte-der-wuerzburger-strassenbahn-bernd-karl-wvv-donnerstag-07-04-2022\/","title":{"rendered":"Aktuelle Projekte der W\u00fcrzburger Stra\u00dfenbahn &#8211; Bernd Karl (WVV) &#8211; Donnerstag, 07.04.2022"},"content":{"rendered":"\n<p>Am Donnerstag, 07.04.2022 um 19 Uhr ist Herr Dipl.-Ing. (FH) Bernd Karl, Bereichsleiter Mobilit\u00e4tsdienstleistungen der WVV, unser Gast und berichtet \u00fcber aktuelle&nbsp;Projekte der W\u00fcrzburger Stra\u00dfenbahn. Hier wird uns Herr Karl unter anderem auch Informationen zum Stand der Stra\u00dfenbahnnetzerweiterungen und zum barrierefreieen Ausbau von Haltestellen geben.&nbsp;Anschlie\u00dfend ist noch Zeit f\u00fcr Fragen und Diskussion eingeplant. &nbsp; Veranstaltungsort ist die Gastst\u00e4tte &#8222;Blauer Adler&#8220;, Mergentheimer Stra\u00dfe 17, 97082 W\u00fcrzburg (gro\u00dfer Nebenraum). Wir hoffen auf Ihr Interesse und bitten um Ihr Verst\u00e4ndnis, dass wir uns an die zum Zeitpunkt der Veranstaltung g\u00fcltigen Corona-Regeln halten m\u00fcssen. Aufgrund der aktuell hohen Inzidenzzahlen m\u00fcssen wir als Veranstalter dar\u00fcber hinaus auf das Tragen von Schutzmasken im bisher g\u00fcltigen Rahmen bestehen. &nbsp; Wir freuen uns trotz der in dieser Zeit notwendigen Rituale auf einen interessanten und informativen Vortrag von Herrn Karl. Nutzen Sie diese M\u00f6glichkeit auf aktuelle Informationen aus erster Hand.<\/p>\n","protected":false},"excerpt":{"rendered":"<p>Am Donnerstag, 07.04.2022 um 19 Uhr ist Herr Dipl.-Ing. (FH) Bernd Karl, Bereichsleiter Mobilit\u00e4tsdienstleistungen der WVV, unser Gast und berichtet \u00fcber aktuelle&nbsp;Projekte der W\u00fcrzburger Stra\u00dfenbahn. Hier wird uns Herr Karl unter anderem auch Informationen zum Stand der Stra\u00dfenbahnnetzerweiterungen und zum  &hellip; <a href=\"http:\/\/iws-ev.de\/iws\/2022\/04\/02\/aktuelle-projekte-der-wuerzburger-strassenbahn-bernd-karl-wvv-donnerstag-07-04-2022\/\">Continue reading <span class=\"meta-nav\">&rarr;<\/span><\/a><\/p>\n","protected":false},"author":5,"featured_media":0,"comment_status":"closed","ping_status":"closed","sticky":false,"template":"","format":"standard","meta":[],"categories":[16],"tags":[],"_links":{"self":[{"href":"http:\/\/iws-ev.de\/iws\/wp-json\/wp\/v2\/posts\/1030"}],"collection":[{"href":"http:\/\/iws-ev.de\/iws\/wp-json\/wp\/v2\/posts"}],"about":[{"href":"http:\/\/iws-ev.de\/iws\/wp-json\/wp\/v2\/types\/post"}],"author":[{"embeddable":true,"href":"http:\/\/iws-ev.de\/iws\/wp-json\/wp\/v2\/users\/5"}],"replies":[{"embeddable":true,"href":"http:\/\/iws-ev.de\/iws\/wp-json\/wp\/v2\/comments?post=1030"}],"version-history":[{"count":2,"href":"http:\/\/iws-ev.de\/iws\/wp-json\/wp\/v2\/posts\/1030\/revisions"}],"predecessor-version":[{"id":1042,"href":"http:\/\/iws-ev.de\/iws\/wp-json\/wp\/v2\/posts\/1030\/revisions\/1042"}],"wp:attachment":[{"href":"http:\/\/iws-ev.de\/iws\/wp-json\/wp\/v2\/media?parent=1030"}],"wp:term":[{"taxonomy":"category","embeddable":true,"href":"http:\/\/iws-ev.de\/iws\/wp-json\/wp\/v2\/categories?post=1030"},{"taxonomy":"post_tag","embeddable":true,"href":"http:\/\/iws-ev.de\/iws\/wp-json\/wp\/v2\/tags?post=1030"}],"curies":[{"name":"wp","href":"https:\/\/api.w.org\/{rel}","templated":true}]}}